{"id":51573,"date":"2020-02-05T12:26:38","date_gmt":"2020-02-05T15:26:38","guid":{"rendered":"http:\/\/blogdoedvaldomagalhaes.com.br\/?p=51573"},"modified":"2020-02-05T12:33:49","modified_gmt":"2020-02-05T15:33:49","slug":"clinica-escola-veterinaria-sera-inaugurada-em-caruaru-nesta-quinta-feira-6","status":"publish","type":"post","link":"https:\/\/blogdoedvaldomagalhaes.com.br\/index.php\/2020\/02\/05\/clinica-escola-veterinaria-sera-inaugurada-em-caruaru-nesta-quinta-feira-6\/","title":{"rendered":"Cl\u00ednica-Escola Veterin\u00e1ria ser\u00e1 inaugurada em Caruaru nesta quinta-feira (6)"},"content":{"rendered":"<p><span style=\"font-size: inherit;\">Nesta quinta-feira (06) ser\u00e1 realizada a inaugura\u00e7\u00e3o da Cl\u00ednica-Escola Veterin\u00e1ria Professor Mauricio Garcia, do Centro Universit\u00e1rio Unifavip | Wyden. O evento, que ter\u00e1 in\u00edcio \u00e0s 15h30, tem como objetivo atender o curso de Veterin\u00e1ria em suas atividades pedag\u00f3gicas, al\u00e9m de oferecer diversos servi\u00e7os para a popula\u00e7\u00e3o. &#8220;Teremos, por exemplo, atendimentos cl\u00ednicos, an\u00e1lises laboratoriais, diagn\u00f3stico por imagem e cirurgias, tanto para animais de companhia como para os animais de produ\u00e7\u00e3o. Ent\u00e3o, a cl\u00ednica escola ser\u00e1 um importante instrumento, tanto para a comunidade quanto para a forma\u00e7\u00e3o profissional dos nossos alunos \u201d, destacou o coordenador do curso de medicina veterin\u00e1ria do Unifavip | Wyden, J\u00fanior M\u00e1rio Baltazar.<\/span><\/p>\n<p>A \u00e1rea constru\u00edda tem mais de tr\u00eas mil metros quadrados, o que torna este equipamento o primeiro de Pernambuco com tamanha estrutura, com instala\u00e7\u00f5es modernas e equipadas com o que h\u00e1 de melhor e mais atual na medicina veterin\u00e1ria no Brasil. O nome da cl\u00ednica leva o nome do professor Maur\u00edcio Garcia, em homenagem e reconhecimento aos trabalhos dele \u00e0 frente da Dire\u00e7\u00e3o da Adtalem Education Group, onde exerceu, at\u00e9 julho de 2019, o cargo de vice-presidente de Inova\u00e7\u00e3o e Ensino, no Brasil.<\/p>\n<p>Maur\u00edcio Garcia tem quase 40 anos de carreira, \u00e9 veterin\u00e1rio, Mestre e Doutor pela Universidade de S\u00e3o Paulo e tem MBA pela Funda\u00e7\u00e3o Get\u00falio Vargas. Atuou em diversos grupos educacionais p\u00fablicos e privados no Brasil, na \u00cdndia e nos Estados Unidos. Al\u00e9m disso, realizou projetos, cursos e est\u00e1gios em institui\u00e7\u00f5es como a Universidade de Mil\u00e3o, a Escola Nacional de Alfort, em Paris, a Universidade de Montreal no Canad\u00e1 e a Universidade de Stanford nos Estados Unidos.<\/p>\n<p>A cl\u00ednica-escola funcionar\u00e1 de segunda a sexta-feira, das 8h \u00e0s 18h e ter\u00e1 capacidade mensal de 325 atendimentos, entre consultas, exames laboratoriais, diagn\u00f3stico por imagem, necropsias, exames histopatol\u00f3gicos e procedimentos cir\u00fargicos.<\/p>\n\n\n<figure class=\"wp-block-image size-large\"><img loading=\"lazy\" decoding=\"async\" width=\"976\" height=\"578\" src=\"http:\/\/blogdoedvaldomagalhaes.com.br\/wp-content\/uploads\/2020\/02\/IMG-20200205-WA0020.jpg\" alt=\"\" class=\"wp-image-51576\" srcset=\"https:\/\/blogdoedvaldomagalhaes.com.br\/wp-content\/uploads\/2020\/02\/IMG-20200205-WA0020.jpg 976w, https:\/\/blogdoedvaldomagalhaes.com.br\/wp-content\/uploads\/2020\/02\/IMG-20200205-WA0020-300x178.jpg 300w, https:\/\/blogdoedvaldomagalhaes.com.br\/wp-content\/uploads\/2020\/02\/IMG-20200205-WA0020-768x455.jpg 768w\" sizes=\"auto, (max-width: 976px) 100vw, 976px\" \/><\/figure>\n","protected":false},"excerpt":{"rendered":"<p>Nesta quinta-feira (06) ser\u00e1 realizada a inaugura\u00e7\u00e3o da Cl\u00ednica-Escola Veterin\u00e1ria Professor Mauricio Garcia, do Centro Universit\u00e1rio Unifavip | Wyden. O&hellip;<\/p>\n","protected":false},"author":1,"featured_media":51574,"comment_status":"open","ping_status":"open","sticky":false,"template":"","format":"standard","meta":{"footnotes":""},"categories":[14120],"tags":[2,16881,17243],"class_list":["post-51573","post","type-post","status-publish","format-standard","has-post-thumbnail","hentry","category-noticias","tag-blog-do-edvaldo-magalhaes","tag-caruaru-e-regiao","tag-clinica-escola-veterinaria-sera-inaugurada-em-caruaru-nesta-quinta-feira-6"],"_links":{"self":[{"href":"https:\/\/blogdoedvaldomagalhaes.com.br\/index.php\/wp-json\/wp\/v2\/posts\/51573","targetHints":{"allow":["GET"]}}],"collection":[{"href":"https:\/\/blogdoedvaldomagalhaes.com.br\/index.php\/wp-json\/wp\/v2\/posts"}],"about":[{"href":"https:\/\/blogdoedvaldomagalhaes.com.br\/index.php\/wp-json\/wp\/v2\/types\/post"}],"author":[{"embeddable":true,"href":"https:\/\/blogdoedvaldomagalhaes.com.br\/index.php\/wp-json\/wp\/v2\/users\/1"}],"replies":[{"embeddable":true,"href":"https:\/\/blogdoedvaldomagalhaes.com.br\/index.php\/wp-json\/wp\/v2\/comments?post=51573"}],"version-history":[{"count":2,"href":"https:\/\/blogdoedvaldomagalhaes.com.br\/index.php\/wp-json\/wp\/v2\/posts\/51573\/revisions"}],"predecessor-version":[{"id":51577,"href":"https:\/\/blogdoedvaldomagalhaes.com.br\/index.php\/wp-json\/wp\/v2\/posts\/51573\/revisions\/51577"}],"wp:featuredmedia":[{"embeddable":true,"href":"https:\/\/blogdoedvaldomagalhaes.com.br\/index.php\/wp-json\/wp\/v2\/media\/51574"}],"wp:attachment":[{"href":"https:\/\/blogdoedvaldomagalhaes.com.br\/index.php\/wp-json\/wp\/v2\/media?parent=51573"}],"wp:term":[{"taxonomy":"category","embeddable":true,"href":"https:\/\/blogdoedvaldomagalhaes.com.br\/index.php\/wp-json\/wp\/v2\/categories?post=51573"},{"taxonomy":"post_tag","embeddable":true,"href":"https:\/\/blogdoedvaldomagalhaes.com.br\/index.php\/wp-json\/wp\/v2\/tags?post=51573"}],"curies":[{"name":"wp","href":"https:\/\/api.w.org\/{rel}","templated":true}]}}