{"id":51568,"date":"2020-02-05T12:09:01","date_gmt":"2020-02-05T15:09:01","guid":{"rendered":"http:\/\/blogdoedvaldomagalhaes.com.br\/?p=51568"},"modified":"2020-02-05T12:13:09","modified_gmt":"2020-02-05T15:13:09","slug":"ato-em-defesa-do-fundeb-sera-realizado-em-caruaru-nesta-quinta-6","status":"publish","type":"post","link":"https:\/\/blogdoedvaldomagalhaes.com.br\/index.php\/2020\/02\/05\/ato-em-defesa-do-fundeb-sera-realizado-em-caruaru-nesta-quinta-6\/","title":{"rendered":"Ato em defesa do FUNDEB ser\u00e1 realizado em Caruaru nesta quinta (6)"},"content":{"rendered":"<p><span style=\"font-size: inherit;\">A C\u00e2mara Municipal de Caruaru e a Uni\u00e3o dos Vereadores do Brasil (UVB) promover\u00e3o, nesta quinta-feira (6), \u00e0s 16h, um ato em defesa do Fundo de Manuten\u00e7\u00e3o e Desenvolvimento da Educa\u00e7\u00e3o B\u00e1sica e de Valoriza\u00e7\u00e3o dos Profissionais da Educa\u00e7\u00e3o (FUNDEB). A a\u00e7\u00e3o far\u00e1 parte do primeiro expediente da sess\u00e3o ordin\u00e1ria.<\/span><\/p>\n<p>Na ocasi\u00e3o, os parlamentares assinar\u00e3o uma mo\u00e7\u00e3o de apoio \u00e0s Propostas de Emendas Constitucionais (PECs) 15\/2015 e 65\/2019, que tramitam no Congresso Federal e prop\u00f5em a aprova\u00e7\u00e3o de um financiamento permanente para a educa\u00e7\u00e3o b\u00e1sica. Ap\u00f3s o evento, o documento ser\u00e1 encaminhado para os senadores e deputados federais pernambucanos.<\/p>\n<p>Articulada pelo vereador Daniel Finizola (PT), a iniciativa visa municipalizar o debate sobre o atual FUNDEB, que tem validade at\u00e9 o dia 31 de dezembro e atende mais de 3.500 munic\u00edpios brasileiros. Atualmente, a verba repassada tem sido utilizada para o pagamento do sal\u00e1rio dos professores, a aquisi\u00e7\u00e3o de materiais did\u00e1ticos e a manuten\u00e7\u00e3o das escolas.<\/p>\n<p>Em Caruaru, o encerramento dos repasses poderia representar, segundo dados da Secretaria do Tesouro Nacional (Siconfi\/STN), uma perda de 54,7% no or\u00e7amento da rede municipal de ensino. Nos \u00faltimos doze meses, o Fundo foi respons\u00e1vel pelo investimento de R$ 162,3 milh\u00f5es na educa\u00e7\u00e3o caruaruense.<\/p>\n<p>Texto de Stephanie S\u00e1.<\/p>\n<p>Foto: Vladimir Rodrigues Barreto.<\/p>\n","protected":false},"excerpt":{"rendered":"<p>A C\u00e2mara Municipal de Caruaru e a Uni\u00e3o dos Vereadores do Brasil (UVB) promover\u00e3o, nesta quinta-feira (6), \u00e0s 16h, um&hellip;<\/p>\n","protected":false},"author":1,"featured_media":51569,"comment_status":"open","ping_status":"open","sticky":false,"template":"","format":"standard","meta":{"footnotes":""},"categories":[14122],"tags":[17242,2,16881],"class_list":["post-51568","post","type-post","status-publish","format-standard","has-post-thumbnail","hentry","category-politica","tag-ato-em-defesa-do-fundeb-sera-realizado-em-caruaru-nesta-quinta-6","tag-blog-do-edvaldo-magalhaes","tag-caruaru-e-regiao"],"_links":{"self":[{"href":"https:\/\/blogdoedvaldomagalhaes.com.br\/index.php\/wp-json\/wp\/v2\/posts\/51568","targetHints":{"allow":["GET"]}}],"collection":[{"href":"https:\/\/blogdoedvaldomagalhaes.com.br\/index.php\/wp-json\/wp\/v2\/posts"}],"about":[{"href":"https:\/\/blogdoedvaldomagalhaes.com.br\/index.php\/wp-json\/wp\/v2\/types\/post"}],"author":[{"embeddable":true,"href":"https:\/\/blogdoedvaldomagalhaes.com.br\/index.php\/wp-json\/wp\/v2\/users\/1"}],"replies":[{"embeddable":true,"href":"https:\/\/blogdoedvaldomagalhaes.com.br\/index.php\/wp-json\/wp\/v2\/comments?post=51568"}],"version-history":[{"count":1,"href":"https:\/\/blogdoedvaldomagalhaes.com.br\/index.php\/wp-json\/wp\/v2\/posts\/51568\/revisions"}],"predecessor-version":[{"id":51570,"href":"https:\/\/blogdoedvaldomagalhaes.com.br\/index.php\/wp-json\/wp\/v2\/posts\/51568\/revisions\/51570"}],"wp:featuredmedia":[{"embeddable":true,"href":"https:\/\/blogdoedvaldomagalhaes.com.br\/index.php\/wp-json\/wp\/v2\/media\/51569"}],"wp:attachment":[{"href":"https:\/\/blogdoedvaldomagalhaes.com.br\/index.php\/wp-json\/wp\/v2\/media?parent=51568"}],"wp:term":[{"taxonomy":"category","embeddable":true,"href":"https:\/\/blogdoedvaldomagalhaes.com.br\/index.php\/wp-json\/wp\/v2\/categories?post=51568"},{"taxonomy":"post_tag","embeddable":true,"href":"https:\/\/blogdoedvaldomagalhaes.com.br\/index.php\/wp-json\/wp\/v2\/tags?post=51568"}],"curies":[{"name":"wp","href":"https:\/\/api.w.org\/{rel}","templated":true}]}}