{"id":51565,"date":"2020-02-05T09:57:58","date_gmt":"2020-02-05T12:57:58","guid":{"rendered":"http:\/\/blogdoedvaldomagalhaes.com.br\/?p=51565"},"modified":"2020-02-05T12:14:00","modified_gmt":"2020-02-05T15:14:00","slug":"caruaru-realiza-1o-etapa-da-campanha-nacional-de-vacinacao-contra-sarampo","status":"publish","type":"post","link":"https:\/\/blogdoedvaldomagalhaes.com.br\/index.php\/2020\/02\/05\/caruaru-realiza-1o-etapa-da-campanha-nacional-de-vacinacao-contra-sarampo\/","title":{"rendered":"Caruaru realiza 1\u00ba etapa da Campanha Nacional de Vacina\u00e7\u00e3o contra Sarampo"},"content":{"rendered":"<p><span style=\"font-size: inherit;\">Tem in\u00edcio na pr\u00f3xima segunda-feira (10), a primeira etapa da Campanha Nacional de Vacina\u00e7\u00e3o contra Sarampo. A tr\u00edplice viral, que tamb\u00e9m protege contra caxumba e rub\u00e9ola, estar\u00e1 dispon\u00edvel em todas as Unidades B\u00e1sicas de Sa\u00fade do munic\u00edpio. Al\u00e9m disso, em parceria com o programa Aprender com Sa\u00fade, a campanha de vacina\u00e7\u00e3o tamb\u00e9m ser\u00e1 levada para dentro das escolas da rede municipal de ensino. O p\u00fablico-alvo da campanha \u00e9 de crian\u00e7as e adolescentes de cinco at\u00e9 19 anos.<\/span><\/p>\n<p>A campanha acontecer\u00e1 de 10 de fevereiro at\u00e9 13 de mar\u00e7o, com a mobiliza\u00e7\u00e3o nacional- Dia D, previsto para o dia 15 de fevereiro. J\u00e1 a\u00e7\u00e3o dentro das escolas, ser\u00e1 realizada na primeira semana de mar\u00e7o.<\/p>\n<p>\u201c\u00c9 importante lembrar aos pais, que as escolas v\u00e3o encaminhar um termo de autoriza\u00e7\u00e3o para a vacina\u00e7\u00e3o ser feita dentro das escolas. O documento deve ser devolvido assinado e no dia da vacina\u00e7\u00e3o, a crian\u00e7a ou adolescente dever\u00e1 apresentar o documento de identifica\u00e7\u00e3o, o cart\u00e3o SUS e o cart\u00e3o de vacina. Vale ressaltar que as crian\u00e7as que j\u00e1 possuem duas doses de tr\u00edplice viral n\u00e3o precisam ser vacinadas novamente\u201d, esclareceu a coordenadora do Programa Nacional de Imuniza\u00e7\u00e3o em Caruaru, Sarah Rafael.<\/p>\n<p>A\u00e7\u00e3o dentro das institui\u00e7\u00f5es de ensino, al\u00e9m da vacina contra sarampo vai aproveitar para atualizar os cart\u00f5es que estiverem desatualizados e precisarem de outros tipos de vacina.<\/p>\n<p>A vacina contra sarampo \u00e9 gratuita e oferecida rotineiramente nas salas de vacina de Caruaru.<\/p>\n","protected":false},"excerpt":{"rendered":"<p>Tem in\u00edcio na pr\u00f3xima segunda-feira (10), a primeira etapa da Campanha Nacional de Vacina\u00e7\u00e3o contra Sarampo. A tr\u00edplice viral, que&hellip;<\/p>\n","protected":false},"author":1,"featured_media":51566,"comment_status":"open","ping_status":"open","sticky":false,"template":"","format":"standard","meta":{"footnotes":""},"categories":[14120],"tags":[2,16881,17241],"class_list":["post-51565","post","type-post","status-publish","format-standard","has-post-thumbnail","hentry","category-noticias","tag-blog-do-edvaldo-magalhaes","tag-caruaru-e-regiao","tag-caruaru-realiza-1o-etapa-da-campanha-nacional-de-vacinacao-contra-sarampo"],"_links":{"self":[{"href":"https:\/\/blogdoedvaldomagalhaes.com.br\/index.php\/wp-json\/wp\/v2\/posts\/51565","targetHints":{"allow":["GET"]}}],"collection":[{"href":"https:\/\/blogdoedvaldomagalhaes.com.br\/index.php\/wp-json\/wp\/v2\/posts"}],"about":[{"href":"https:\/\/blogdoedvaldomagalhaes.com.br\/index.php\/wp-json\/wp\/v2\/types\/post"}],"author":[{"embeddable":true,"href":"https:\/\/blogdoedvaldomagalhaes.com.br\/index.php\/wp-json\/wp\/v2\/users\/1"}],"replies":[{"embeddable":true,"href":"https:\/\/blogdoedvaldomagalhaes.com.br\/index.php\/wp-json\/wp\/v2\/comments?post=51565"}],"version-history":[{"count":1,"href":"https:\/\/blogdoedvaldomagalhaes.com.br\/index.php\/wp-json\/wp\/v2\/posts\/51565\/revisions"}],"predecessor-version":[{"id":51567,"href":"https:\/\/blogdoedvaldomagalhaes.com.br\/index.php\/wp-json\/wp\/v2\/posts\/51565\/revisions\/51567"}],"wp:featuredmedia":[{"embeddable":true,"href":"https:\/\/blogdoedvaldomagalhaes.com.br\/index.php\/wp-json\/wp\/v2\/media\/51566"}],"wp:attachment":[{"href":"https:\/\/blogdoedvaldomagalhaes.com.br\/index.php\/wp-json\/wp\/v2\/media?parent=51565"}],"wp:term":[{"taxonomy":"category","embeddable":true,"href":"https:\/\/blogdoedvaldomagalhaes.com.br\/index.php\/wp-json\/wp\/v2\/categories?post=51565"},{"taxonomy":"post_tag","embeddable":true,"href":"https:\/\/blogdoedvaldomagalhaes.com.br\/index.php\/wp-json\/wp\/v2\/tags?post=51565"}],"curies":[{"name":"wp","href":"https:\/\/api.w.org\/{rel}","templated":true}]}}