{"id":51558,"date":"2020-02-04T22:58:06","date_gmt":"2020-02-05T01:58:06","guid":{"rendered":"http:\/\/blogdoedvaldomagalhaes.com.br\/?p=51558"},"modified":"2020-02-04T22:58:08","modified_gmt":"2020-02-05T01:58:08","slug":"transforma-caruaru-realiza-reunioes-com-ongs-e-associacoes","status":"publish","type":"post","link":"https:\/\/blogdoedvaldomagalhaes.com.br\/index.php\/2020\/02\/04\/transforma-caruaru-realiza-reunioes-com-ongs-e-associacoes\/","title":{"rendered":"Transforma Caruaru realiza reuni\u00f5es com ONGs e associa\u00e7\u00f5es"},"content":{"rendered":"<p style=\"text-align: justify;\"><span style=\"font-size: inherit;\">O Transforma Caruaru est\u00e1 recebendo nos \u00faltimos dias diversas ONGs, movimentos sociais e associa\u00e7\u00f5es. Os encontros t\u00eam acontecido na sede do Transforma e tem objetivo de apresentar a plataforma e seus benef\u00edcios.<\/span><\/p>\n<p style=\"text-align: justify;\">&#8220;Queremos conectar esses projetos, movimentos, ONGs e associa\u00e7\u00f5es atrav\u00e9s da Plataforma Transforma Caruaru e do Movimento Transforma Brasil para explicar o funcionamento da plataforma e os benef\u00edcios conquistados atrav\u00e9s da ferramenta, como a emiss\u00e3o de certificados para os volunt\u00e1rios e do curr\u00edculo social, que hoje \u00e9 crit\u00e9rio de desempate em concurso, oferecimento de palestras, cursos e workshops gratuitos&#8221;, destacou a coordenadora do Transforma Caruaru, Christianny Magalh\u00e3es.<\/p>\n<p style=\"text-align: justify;\">O pr\u00f3ximo encontro est\u00e1 marcado para sexta-feira (7). Desta vez, grupos ligados aos esportes estar\u00e3o no local para conhecer as possibilidades de voluntariado na \u00e1rea. O Transforma Caruaru fica localizado na Avenida Jos\u00e9 Rodrigues de Jesus, onde era a sementeira municipal. O site \u00e9 o https:\/\/transformacaruaru.com.br.<\/p>\n\n\n<figure class=\"wp-block-image size-large\"><img loading=\"lazy\" decoding=\"async\" width=\"1024\" height=\"682\" src=\"http:\/\/blogdoedvaldomagalhaes.com.br\/wp-content\/uploads\/2020\/02\/IMG-20200204-WA0192-1024x682.jpg\" alt=\"\" class=\"wp-image-51560\" srcset=\"https:\/\/blogdoedvaldomagalhaes.com.br\/wp-content\/uploads\/2020\/02\/IMG-20200204-WA0192-1024x682.jpg 1024w, https:\/\/blogdoedvaldomagalhaes.com.br\/wp-content\/uploads\/2020\/02\/IMG-20200204-WA0192-300x200.jpg 300w, https:\/\/blogdoedvaldomagalhaes.com.br\/wp-content\/uploads\/2020\/02\/IMG-20200204-WA0192-768x512.jpg 768w, https:\/\/blogdoedvaldomagalhaes.com.br\/wp-content\/uploads\/2020\/02\/IMG-20200204-WA0192.jpg 1280w\" sizes=\"auto, (max-width: 1024px) 100vw, 1024px\" \/><\/figure>\n\n\n\n<figure class=\"wp-block-image size-large\"><img loading=\"lazy\" decoding=\"async\" width=\"1024\" height=\"682\" src=\"http:\/\/blogdoedvaldomagalhaes.com.br\/wp-content\/uploads\/2020\/02\/IMG-20200204-WA0194-1024x682.jpg\" alt=\"\" class=\"wp-image-51561\" srcset=\"https:\/\/blogdoedvaldomagalhaes.com.br\/wp-content\/uploads\/2020\/02\/IMG-20200204-WA0194-1024x682.jpg 1024w, https:\/\/blogdoedvaldomagalhaes.com.br\/wp-content\/uploads\/2020\/02\/IMG-20200204-WA0194-300x200.jpg 300w, https:\/\/blogdoedvaldomagalhaes.com.br\/wp-content\/uploads\/2020\/02\/IMG-20200204-WA0194-768x512.jpg 768w, https:\/\/blogdoedvaldomagalhaes.com.br\/wp-content\/uploads\/2020\/02\/IMG-20200204-WA0194.jpg 1280w\" sizes=\"auto, (max-width: 1024px) 100vw, 1024px\" \/><\/figure>\n\n\n\n<figure class=\"wp-block-image size-large\"><img loading=\"lazy\" decoding=\"async\" width=\"1024\" height=\"682\" src=\"http:\/\/blogdoedvaldomagalhaes.com.br\/wp-content\/uploads\/2020\/02\/IMG-20200204-WA0191-1024x682.jpg\" alt=\"\" class=\"wp-image-51562\" srcset=\"https:\/\/blogdoedvaldomagalhaes.com.br\/wp-content\/uploads\/2020\/02\/IMG-20200204-WA0191-1024x682.jpg 1024w, https:\/\/blogdoedvaldomagalhaes.com.br\/wp-content\/uploads\/2020\/02\/IMG-20200204-WA0191-300x200.jpg 300w, https:\/\/blogdoedvaldomagalhaes.com.br\/wp-content\/uploads\/2020\/02\/IMG-20200204-WA0191-768x512.jpg 768w, https:\/\/blogdoedvaldomagalhaes.com.br\/wp-content\/uploads\/2020\/02\/IMG-20200204-WA0191.jpg 1280w\" sizes=\"auto, (max-width: 1024px) 100vw, 1024px\" \/><figcaption>Fotos: Jainana Pepeu<\/figcaption><\/figure>\n\n\n\n<figure class=\"wp-block-image size-large\"><img loading=\"lazy\" decoding=\"async\" width=\"800\" height=\"800\" src=\"http:\/\/blogdoedvaldomagalhaes.com.br\/wp-content\/uploads\/2020\/02\/IMG-20200204-WA0187.jpg\" alt=\"\" class=\"wp-image-51563\" srcset=\"https:\/\/blogdoedvaldomagalhaes.com.br\/wp-content\/uploads\/2020\/02\/IMG-20200204-WA0187.jpg 800w, https:\/\/blogdoedvaldomagalhaes.com.br\/wp-content\/uploads\/2020\/02\/IMG-20200204-WA0187-300x300.jpg 300w, https:\/\/blogdoedvaldomagalhaes.com.br\/wp-content\/uploads\/2020\/02\/IMG-20200204-WA0187-150x150.jpg 150w, https:\/\/blogdoedvaldomagalhaes.com.br\/wp-content\/uploads\/2020\/02\/IMG-20200204-WA0187-768x768.jpg 768w\" sizes=\"auto, (max-width: 800px) 100vw, 800px\" \/><\/figure>\n","protected":false},"excerpt":{"rendered":"<p>O Transforma Caruaru est\u00e1 recebendo nos \u00faltimos dias diversas ONGs, movimentos sociais e associa\u00e7\u00f5es. Os encontros t\u00eam acontecido na sede&hellip;<\/p>\n","protected":false},"author":1,"featured_media":51559,"comment_status":"open","ping_status":"open","sticky":false,"template":"","format":"standard","meta":{"footnotes":""},"categories":[14120],"tags":[2,16881,17240],"class_list":["post-51558","post","type-post","status-publish","format-standard","has-post-thumbnail","hentry","category-noticias","tag-blog-do-edvaldo-magalhaes","tag-caruaru-e-regiao","tag-transforma-caruaru-realiza-reunioes-com-ongs-e-associacoes"],"_links":{"self":[{"href":"https:\/\/blogdoedvaldomagalhaes.com.br\/index.php\/wp-json\/wp\/v2\/posts\/51558","targetHints":{"allow":["GET"]}}],"collection":[{"href":"https:\/\/blogdoedvaldomagalhaes.com.br\/index.php\/wp-json\/wp\/v2\/posts"}],"about":[{"href":"https:\/\/blogdoedvaldomagalhaes.com.br\/index.php\/wp-json\/wp\/v2\/types\/post"}],"author":[{"embeddable":true,"href":"https:\/\/blogdoedvaldomagalhaes.com.br\/index.php\/wp-json\/wp\/v2\/users\/1"}],"replies":[{"embeddable":true,"href":"https:\/\/blogdoedvaldomagalhaes.com.br\/index.php\/wp-json\/wp\/v2\/comments?post=51558"}],"version-history":[{"count":1,"href":"https:\/\/blogdoedvaldomagalhaes.com.br\/index.php\/wp-json\/wp\/v2\/posts\/51558\/revisions"}],"predecessor-version":[{"id":51564,"href":"https:\/\/blogdoedvaldomagalhaes.com.br\/index.php\/wp-json\/wp\/v2\/posts\/51558\/revisions\/51564"}],"wp:featuredmedia":[{"embeddable":true,"href":"https:\/\/blogdoedvaldomagalhaes.com.br\/index.php\/wp-json\/wp\/v2\/media\/51559"}],"wp:attachment":[{"href":"https:\/\/blogdoedvaldomagalhaes.com.br\/index.php\/wp-json\/wp\/v2\/media?parent=51558"}],"wp:term":[{"taxonomy":"category","embeddable":true,"href":"https:\/\/blogdoedvaldomagalhaes.com.br\/index.php\/wp-json\/wp\/v2\/categories?post=51558"},{"taxonomy":"post_tag","embeddable":true,"href":"https:\/\/blogdoedvaldomagalhaes.com.br\/index.php\/wp-json\/wp\/v2\/tags?post=51558"}],"curies":[{"name":"wp","href":"https:\/\/api.w.org\/{rel}","templated":true}]}}