{"id":51555,"date":"2020-02-04T20:17:04","date_gmt":"2020-02-04T23:17:04","guid":{"rendered":"http:\/\/blogdoedvaldomagalhaes.com.br\/?p=51555"},"modified":"2020-02-04T20:17:09","modified_gmt":"2020-02-04T23:17:09","slug":"deputado-delegado-lessa-defende-melhorias-para-o-hospital-regional-do-agreste-na-alepe","status":"publish","type":"post","link":"https:\/\/blogdoedvaldomagalhaes.com.br\/index.php\/2020\/02\/04\/deputado-delegado-lessa-defende-melhorias-para-o-hospital-regional-do-agreste-na-alepe\/","title":{"rendered":"Deputado Delegado Lessa defende melhorias para o Hospital Regional do Agreste na Alepe"},"content":{"rendered":"<p style=\"text-align: justify;\">A situa\u00e7\u00e3o do Hospital Regional do Agreste (HRA) virou pauta na Assembleia Legislativa de Pernambuco (Alepe) na sess\u00e3o desta ter\u00e7a-feira, 04. O deputado estadual Delegado Erick Lessa subiu \u00e0 tribuna da Casa para fazer um relat\u00f3rio da visita que realizou na unidade na \u00faltima semana.<\/p>\n<p style=\"text-align: justify;\">O parlamentar afirmou que alguns servi\u00e7os do centro hospitalar necessitam melhorias, a exemplo das \u00e1reas de nefrologia, ortopedia e neurologia. Mesmo assim, o deputado reconheceu que a equipe t\u00e9cnica do Hospital est\u00e1 empenhada em atender \u00e0 sociedade com efici\u00eancia.<\/p>\n<p style=\"text-align: justify;\">Durante o discurso, Lessa ainda estimulou os demais deputados a se engajarem em prol de melhorias para a unidade, que \u00e9 considerada refer\u00eancia traumatol\u00f3gica na macrorregi\u00e3o Agreste e atende a mais de 80 munic\u00edpios.<\/p>\n<p style=\"text-align: justify;\">O deputado tamb\u00e9m est\u00e1 se articulando com o poder executivo estadual, no intuito de encontrar solu\u00e7\u00f5es efetivas para o HRA. &#8220;Precisamos alinhar o fator profissional com as quest\u00f5es econ\u00f4micas e a for\u00e7a pol\u00edtica para trazer um novo modelo de reabilita\u00e7\u00e3o de sa\u00fade no Hospital Regional. Caruaru e regi\u00e3o merecem uma Sa\u00fade P\u00fablica de melhor qualidade&#8221;, afirmou.<\/p>\n<p style=\"text-align: justify;\">Recursos<br \/>\nAtrav\u00e9s de emendas parlamentares, o deputado Lessa destinou recursos da ordem de R$ 100 mil visando \u00e0 aquisi\u00e7\u00e3o de equipamentos m\u00e9dicos para o HRA. Os valores foram incorporados ao Or\u00e7amento Estadual e dever\u00e3o ser aplicados ao longo do ano.<\/p>\n<p style=\"text-align: justify;\">Foto: Viliane Gomes.<\/p>\n","protected":false},"excerpt":{"rendered":"<p>A situa\u00e7\u00e3o do Hospital Regional do Agreste (HRA) virou pauta na Assembleia Legislativa de Pernambuco (Alepe) na sess\u00e3o desta ter\u00e7a-feira,&hellip;<\/p>\n","protected":false},"author":1,"featured_media":51556,"comment_status":"open","ping_status":"open","sticky":false,"template":"","format":"standard","meta":{"footnotes":""},"categories":[14122],"tags":[2,16881,17239],"class_list":["post-51555","post","type-post","status-publish","format-standard","has-post-thumbnail","hentry","category-politica","tag-blog-do-edvaldo-magalhaes","tag-caruaru-e-regiao","tag-deputado-delegado-lessa-defende-melhorias-para-o-hospital-regional-do-agreste-na-alepe"],"_links":{"self":[{"href":"https:\/\/blogdoedvaldomagalhaes.com.br\/index.php\/wp-json\/wp\/v2\/posts\/51555","targetHints":{"allow":["GET"]}}],"collection":[{"href":"https:\/\/blogdoedvaldomagalhaes.com.br\/index.php\/wp-json\/wp\/v2\/posts"}],"about":[{"href":"https:\/\/blogdoedvaldomagalhaes.com.br\/index.php\/wp-json\/wp\/v2\/types\/post"}],"author":[{"embeddable":true,"href":"https:\/\/blogdoedvaldomagalhaes.com.br\/index.php\/wp-json\/wp\/v2\/users\/1"}],"replies":[{"embeddable":true,"href":"https:\/\/blogdoedvaldomagalhaes.com.br\/index.php\/wp-json\/wp\/v2\/comments?post=51555"}],"version-history":[{"count":1,"href":"https:\/\/blogdoedvaldomagalhaes.com.br\/index.php\/wp-json\/wp\/v2\/posts\/51555\/revisions"}],"predecessor-version":[{"id":51557,"href":"https:\/\/blogdoedvaldomagalhaes.com.br\/index.php\/wp-json\/wp\/v2\/posts\/51555\/revisions\/51557"}],"wp:featuredmedia":[{"embeddable":true,"href":"https:\/\/blogdoedvaldomagalhaes.com.br\/index.php\/wp-json\/wp\/v2\/media\/51556"}],"wp:attachment":[{"href":"https:\/\/blogdoedvaldomagalhaes.com.br\/index.php\/wp-json\/wp\/v2\/media?parent=51555"}],"wp:term":[{"taxonomy":"category","embeddable":true,"href":"https:\/\/blogdoedvaldomagalhaes.com.br\/index.php\/wp-json\/wp\/v2\/categories?post=51555"},{"taxonomy":"post_tag","embeddable":true,"href":"https:\/\/blogdoedvaldomagalhaes.com.br\/index.php\/wp-json\/wp\/v2\/tags?post=51555"}],"curies":[{"name":"wp","href":"https:\/\/api.w.org\/{rel}","templated":true}]}}