{"id":51549,"date":"2020-02-04T18:11:46","date_gmt":"2020-02-04T21:11:46","guid":{"rendered":"http:\/\/blogdoedvaldomagalhaes.com.br\/?p=51549"},"modified":"2020-02-04T18:16:05","modified_gmt":"2020-02-04T21:16:05","slug":"lancada-operacao-forte-para-intensificar-policiamento-na-rmr","status":"publish","type":"post","link":"https:\/\/blogdoedvaldomagalhaes.com.br\/index.php\/2020\/02\/04\/lancada-operacao-forte-para-intensificar-policiamento-na-rmr\/","title":{"rendered":"Lan\u00e7ada Opera\u00e7\u00e3o Forte para intensificar policiamento na RMR"},"content":{"rendered":"<p style=\"text-align: justify;\"><span style=\"font-size: inherit;\">A Pol\u00edcia Militar de Pernambuco lan\u00e7ou, na tarde desta ter\u00e7a-feira (4), a Opera\u00e7\u00e3o For\u00e7a Ostensiva de Recobrimento T\u00e1tico Extraordin\u00e1rio (Forte). A a\u00e7\u00e3o busca proporcionar \u00e0 sociedade, a paz social, atrav\u00e9s da intensifica\u00e7\u00e3o do patrulhamento em locais com maiores \u00edndices dos Crimes Violentos Letais Intencionais (CVLIs) e de Crimes Violentos contra o Patrim\u00f4nio (CVPs).<\/span><\/p>\n<p style=\"text-align: justify;\">O lan\u00e7amento oficial da a\u00e7\u00e3o, foi no Quartel do Comando Geral (QCG) e contou com a presen\u00e7a do Governador do Estado, Paulo C\u00e2mara; do secret\u00e1rio de Defesa Social, Ant\u00f4nio de Padua e do comandante geral da PMPE, coronel Vanildo Maranh\u00e3o.<\/p>\n<p style=\"text-align: justify;\">\u201c\u00c9 um refor\u00e7o a mais nas ruas dentro de uma opera\u00e7\u00e3o planejada pela Pol\u00edcia Militar. Busca aproveitar esses novos policiais que ingressaram na Corpora\u00e7\u00e3o que v\u00e3o dar condi\u00e7\u00e3o para fazer um patrulhamento cada vez maior nos locais com altos \u00edndices de viol\u00eancia\u201d, afirmou o governador do estado.<\/p>\n<p style=\"text-align: justify;\">Na primeira fase da Opera\u00e7\u00e3o Forte, a Regi\u00e3o Metropolitana do Recife ser\u00e1 contemplada com o lan\u00e7amento de 150 policiais militares em 26 novas viaturas refor\u00e7ando as rondas e as abordagens. H\u00e1 ainda, o patrulhamento a p\u00e9 que ser\u00e1 realizado por 280 PMs, al\u00e9m deles, 80 estar\u00e3o presentes no S\u00edtio Hist\u00f3rico incrementando a seguran\u00e7a nas pr\u00e9vias Carnavalescas.<\/p>\n<p style=\"text-align: justify;\">\u201cO diferencial dessa opera\u00e7\u00e3o \u00e9 que as viaturas ser\u00e3o lan\u00e7adas sem estar atreladas ao Centro Integrados de Opera\u00e7\u00f5es de Defesa Social (Ciods), sem ser empenhados em ocorr\u00eancias, cust\u00f3dias e escoltas. Ser\u00e1 uma for\u00e7a de 100% trabalhando nos pontos quentes\u201d, explicou o comandante-geral.<\/p>\n<p style=\"text-align: justify;\">H\u00e1 ainda a previs\u00e3o para a segunda etapa da a\u00e7\u00e3o que contemplar\u00e1 cidades do interior do Estado que apresentam os maiores \u00edndices de criminalidade.<\/p>\n\n\n<figure class=\"wp-block-image size-large\"><img loading=\"lazy\" decoding=\"async\" width=\"1024\" height=\"682\" src=\"http:\/\/blogdoedvaldomagalhaes.com.br\/wp-content\/uploads\/2020\/02\/IMG-20200204-WA0130-1024x682.jpg\" alt=\"\" class=\"wp-image-51551\" srcset=\"https:\/\/blogdoedvaldomagalhaes.com.br\/wp-content\/uploads\/2020\/02\/IMG-20200204-WA0130-1024x682.jpg 1024w, https:\/\/blogdoedvaldomagalhaes.com.br\/wp-content\/uploads\/2020\/02\/IMG-20200204-WA0130-300x200.jpg 300w, https:\/\/blogdoedvaldomagalhaes.com.br\/wp-content\/uploads\/2020\/02\/IMG-20200204-WA0130-768x512.jpg 768w, https:\/\/blogdoedvaldomagalhaes.com.br\/wp-content\/uploads\/2020\/02\/IMG-20200204-WA0130.jpg 1280w\" sizes=\"auto, (max-width: 1024px) 100vw, 1024px\" \/><\/figure>\n\n\n\n<figure class=\"wp-block-image size-large\"><img loading=\"lazy\" decoding=\"async\" width=\"1024\" height=\"682\" src=\"http:\/\/blogdoedvaldomagalhaes.com.br\/wp-content\/uploads\/2020\/02\/IMG-20200204-WA0129-1024x682.jpg\" alt=\"\" class=\"wp-image-51552\" srcset=\"https:\/\/blogdoedvaldomagalhaes.com.br\/wp-content\/uploads\/2020\/02\/IMG-20200204-WA0129-1024x682.jpg 1024w, https:\/\/blogdoedvaldomagalhaes.com.br\/wp-content\/uploads\/2020\/02\/IMG-20200204-WA0129-300x200.jpg 300w, https:\/\/blogdoedvaldomagalhaes.com.br\/wp-content\/uploads\/2020\/02\/IMG-20200204-WA0129-768x512.jpg 768w, https:\/\/blogdoedvaldomagalhaes.com.br\/wp-content\/uploads\/2020\/02\/IMG-20200204-WA0129.jpg 1280w\" sizes=\"auto, (max-width: 1024px) 100vw, 1024px\" \/><\/figure>\n\n\n\n<figure class=\"wp-block-image size-large\"><img loading=\"lazy\" decoding=\"async\" width=\"1024\" height=\"682\" src=\"http:\/\/blogdoedvaldomagalhaes.com.br\/wp-content\/uploads\/2020\/02\/IMG-20200204-WA0131-1024x682.jpg\" alt=\"\" class=\"wp-image-51553\" srcset=\"https:\/\/blogdoedvaldomagalhaes.com.br\/wp-content\/uploads\/2020\/02\/IMG-20200204-WA0131-1024x682.jpg 1024w, https:\/\/blogdoedvaldomagalhaes.com.br\/wp-content\/uploads\/2020\/02\/IMG-20200204-WA0131-300x200.jpg 300w, https:\/\/blogdoedvaldomagalhaes.com.br\/wp-content\/uploads\/2020\/02\/IMG-20200204-WA0131-768x512.jpg 768w, https:\/\/blogdoedvaldomagalhaes.com.br\/wp-content\/uploads\/2020\/02\/IMG-20200204-WA0131.jpg 1280w\" sizes=\"auto, (max-width: 1024px) 100vw, 1024px\" \/><\/figure>\n","protected":false},"excerpt":{"rendered":"<p>A Pol\u00edcia Militar de Pernambuco lan\u00e7ou, na tarde desta ter\u00e7a-feira (4), a Opera\u00e7\u00e3o For\u00e7a Ostensiva de Recobrimento T\u00e1tico Extraordin\u00e1rio (Forte).&hellip;<\/p>\n","protected":false},"author":1,"featured_media":51550,"comment_status":"open","ping_status":"open","sticky":false,"template":"","format":"standard","meta":{"footnotes":""},"categories":[14121],"tags":[2,16881,17238],"class_list":["post-51549","post","type-post","status-publish","format-standard","has-post-thumbnail","hentry","category-policial","tag-blog-do-edvaldo-magalhaes","tag-caruaru-e-regiao","tag-lancada-operacao-forte-para-intensificar-policiamento-na-rmr"],"_links":{"self":[{"href":"https:\/\/blogdoedvaldomagalhaes.com.br\/index.php\/wp-json\/wp\/v2\/posts\/51549","targetHints":{"allow":["GET"]}}],"collection":[{"href":"https:\/\/blogdoedvaldomagalhaes.com.br\/index.php\/wp-json\/wp\/v2\/posts"}],"about":[{"href":"https:\/\/blogdoedvaldomagalhaes.com.br\/index.php\/wp-json\/wp\/v2\/types\/post"}],"author":[{"embeddable":true,"href":"https:\/\/blogdoedvaldomagalhaes.com.br\/index.php\/wp-json\/wp\/v2\/users\/1"}],"replies":[{"embeddable":true,"href":"https:\/\/blogdoedvaldomagalhaes.com.br\/index.php\/wp-json\/wp\/v2\/comments?post=51549"}],"version-history":[{"count":1,"href":"https:\/\/blogdoedvaldomagalhaes.com.br\/index.php\/wp-json\/wp\/v2\/posts\/51549\/revisions"}],"predecessor-version":[{"id":51554,"href":"https:\/\/blogdoedvaldomagalhaes.com.br\/index.php\/wp-json\/wp\/v2\/posts\/51549\/revisions\/51554"}],"wp:featuredmedia":[{"embeddable":true,"href":"https:\/\/blogdoedvaldomagalhaes.com.br\/index.php\/wp-json\/wp\/v2\/media\/51550"}],"wp:attachment":[{"href":"https:\/\/blogdoedvaldomagalhaes.com.br\/index.php\/wp-json\/wp\/v2\/media?parent=51549"}],"wp:term":[{"taxonomy":"category","embeddable":true,"href":"https:\/\/blogdoedvaldomagalhaes.com.br\/index.php\/wp-json\/wp\/v2\/categories?post=51549"},{"taxonomy":"post_tag","embeddable":true,"href":"https:\/\/blogdoedvaldomagalhaes.com.br\/index.php\/wp-json\/wp\/v2\/tags?post=51549"}],"curies":[{"name":"wp","href":"https:\/\/api.w.org\/{rel}","templated":true}]}}