{"id":51532,"date":"2020-02-03T21:12:13","date_gmt":"2020-02-04T00:12:13","guid":{"rendered":"http:\/\/blogdoedvaldomagalhaes.com.br\/?p=51532"},"modified":"2020-02-04T08:06:23","modified_gmt":"2020-02-04T11:06:23","slug":"camara-de-caruaru-retoma-atividades-legislativas-nesta-terca-4","status":"publish","type":"post","link":"https:\/\/blogdoedvaldomagalhaes.com.br\/index.php\/2020\/02\/03\/camara-de-caruaru-retoma-atividades-legislativas-nesta-terca-4\/","title":{"rendered":"C\u00e2mara de Caruaru retoma atividades legislativas nesta ter\u00e7a (4)"},"content":{"rendered":"<p style=\"text-align: justify;\"><span style=\"font-size: inherit;\">Nesta ter\u00e7a-feira (04) \u00e0s 16h, os 22 vereadores e a vereadora retomam as atividades parlamentares na Casa Jornalista Jos\u00e9 Carlos Flor\u00eancio, ap\u00f3s o recesso. As sess\u00f5es ordin\u00e1rias voltam a acontecer todas as ter\u00e7as e quintas, assim como as sess\u00f5es solenes e audi\u00eancias p\u00fablicas. No per\u00edodo que comp\u00f5e o recesso, a C\u00e2mara funcionou normalmente com expediente administrativo ativo das 7h \u00e0s 13h.\u00a0<\/span><\/p>\n<p style=\"text-align: justify;\">Para o Presidente da Casa, Vereador Lula T\u00f4rres (PSDB), a expectativa \u00e9 de que o ano seja produtivo, al\u00e9m da chegada da t\u00e3o esperada TV C\u00e2mara para a popula\u00e7\u00e3o.<br \/>\n\u201cRetomamos os nossos trabalhos aqui na C\u00e2mara de cora\u00e7\u00e3o aberto. Durante o recesso os vereadores n\u00e3o pararam de trabalhar, visitando as comunidades e secretarias. A nossa esperan\u00e7a \u00e9 de que a TV C\u00e2mara seja inaugurada, permitindo a popula\u00e7\u00e3o acompanhar mais de perto a nossa atua\u00e7\u00e3o\u201d.<\/p>\n<p style=\"text-align: justify;\">A reuni\u00e3o ordin\u00e1ria desta ter\u00e7a (04), come\u00e7a \u00e0s 16h.<\/p>\n<p>Foto: Vladimir Rodrigues Barreto.<\/p>\n","protected":false},"excerpt":{"rendered":"<p>Nesta ter\u00e7a-feira (04) \u00e0s 16h, os 22 vereadores e a vereadora retomam as atividades parlamentares na Casa Jornalista Jos\u00e9 Carlos&hellip;<\/p>\n","protected":false},"author":1,"featured_media":51533,"comment_status":"open","ping_status":"open","sticky":false,"template":"","format":"standard","meta":{"footnotes":""},"categories":[14122],"tags":[17235,16881],"class_list":["post-51532","post","type-post","status-publish","format-standard","has-post-thumbnail","hentry","category-politica","tag-camara-de-caruaru-retoma-atividades-legislativas-nesta-terca-4","tag-caruaru-e-regiao"],"_links":{"self":[{"href":"https:\/\/blogdoedvaldomagalhaes.com.br\/index.php\/wp-json\/wp\/v2\/posts\/51532","targetHints":{"allow":["GET"]}}],"collection":[{"href":"https:\/\/blogdoedvaldomagalhaes.com.br\/index.php\/wp-json\/wp\/v2\/posts"}],"about":[{"href":"https:\/\/blogdoedvaldomagalhaes.com.br\/index.php\/wp-json\/wp\/v2\/types\/post"}],"author":[{"embeddable":true,"href":"https:\/\/blogdoedvaldomagalhaes.com.br\/index.php\/wp-json\/wp\/v2\/users\/1"}],"replies":[{"embeddable":true,"href":"https:\/\/blogdoedvaldomagalhaes.com.br\/index.php\/wp-json\/wp\/v2\/comments?post=51532"}],"version-history":[{"count":1,"href":"https:\/\/blogdoedvaldomagalhaes.com.br\/index.php\/wp-json\/wp\/v2\/posts\/51532\/revisions"}],"predecessor-version":[{"id":51534,"href":"https:\/\/blogdoedvaldomagalhaes.com.br\/index.php\/wp-json\/wp\/v2\/posts\/51532\/revisions\/51534"}],"wp:featuredmedia":[{"embeddable":true,"href":"https:\/\/blogdoedvaldomagalhaes.com.br\/index.php\/wp-json\/wp\/v2\/media\/51533"}],"wp:attachment":[{"href":"https:\/\/blogdoedvaldomagalhaes.com.br\/index.php\/wp-json\/wp\/v2\/media?parent=51532"}],"wp:term":[{"taxonomy":"category","embeddable":true,"href":"https:\/\/blogdoedvaldomagalhaes.com.br\/index.php\/wp-json\/wp\/v2\/categories?post=51532"},{"taxonomy":"post_tag","embeddable":true,"href":"https:\/\/blogdoedvaldomagalhaes.com.br\/index.php\/wp-json\/wp\/v2\/tags?post=51532"}],"curies":[{"name":"wp","href":"https:\/\/api.w.org\/{rel}","templated":true}]}}