{"id":51529,"date":"2020-02-03T21:02:19","date_gmt":"2020-02-04T00:02:19","guid":{"rendered":"http:\/\/blogdoedvaldomagalhaes.com.br\/?p=51529"},"modified":"2020-02-04T08:05:55","modified_gmt":"2020-02-04T11:05:55","slug":"dom-ruy-faz-primeiras-nomeacoes-pastorais-administrativas-na-diocese-de-caruaru","status":"publish","type":"post","link":"https:\/\/blogdoedvaldomagalhaes.com.br\/index.php\/2020\/02\/03\/dom-ruy-faz-primeiras-nomeacoes-pastorais-administrativas-na-diocese-de-caruaru\/","title":{"rendered":"Dom Ruy faz primeiras nomea\u00e7\u00f5es pastorais-administrativas na Diocese de Caruaru"},"content":{"rendered":"<p style=\"text-align: justify;\"><span style=\"font-size: inherit;\">A C\u00faria Diocesana de Caruaru divulgou, nesta segunda (03), nomea\u00e7\u00f5es pastorais-administrativas feitas por Dom Jos\u00e9 Ruy para a Diocese de Caruaru. Confira abaixo, na \u00edntegra, o decreto dos Atos do Governo Diocesano.<\/span><\/p>\n<p style=\"text-align: justify;\">Dom Jos\u00e9 Ruy Gon\u00e7alves Lopes,<br \/>\nPor merc\u00ea de Deus e da Santa S\u00e9 Apost\u00f3lica<br \/>\nBispo da Diocese de Caruaru<\/p>\n<p style=\"text-align: justify;\">ATOS DE GOVERNO<\/p>\n<p style=\"text-align: justify;\">Considerando o bem das almas e atento \u00e0s necessidades pastorais-administrativas desta Igreja Particular, S. Excia. Revma. D. Jos\u00e9 Ruy G. Lopes, faz saber a todos os diocesanos as seguintes nomea\u00e7\u00f5es:<\/p>\n<p style=\"text-align: justify;\">Nomeando o Revmo. Pe. Jos\u00e9 Valter da Silva para o Of\u00edcio de REITOR DO SEMIN\u00c1RIO PROPED\u00caUTICO S\u00c3O PAULO VI, no munic\u00edpio de Caruaru\/PE \u2013 (Prot. 01\/2020);<br \/>\nNomeando o Revmo. Pe. Alo\u00edsio Ricardo Aleixo para o Of\u00edcio de DIRETOR ESPIRITUAL DO SEMIN\u00c1RIO INTERDIOCESANO NOSSA SENHORA DAS DORES, no munic\u00edpio de Caruaru\/PE \u2013 (Prot. 02\/2020);<br \/>\nNomeando o Revmo. Pe. Erandi Expedito Torres para o Of\u00edcio de ADMNISTRADOR PAROQUIAL da Par\u00f3quia Nossa Senhora Aparecida, no munic\u00edpio de Caruaru\/PE \u2013 (Prot. 03\/2020);<br \/>\nNomeando o Revmo. Di\u00e1c. F\u00e1bio Severino da Silva para o exerc\u00edcio do Minist\u00e9rio Diaconal na Par\u00f3quia Nossa Senhora Aparecida, no munic\u00edpio de Caruaru\/PE \u2013 (Prot. 04\/2020);<br \/>\nNomeando o Revmo. Di\u00e1c. Jean Lucas Bezerra da Silva para o exerc\u00edcio do Minist\u00e9rio Diaconal na Par\u00f3quia Nossa Senhora da Guadalupe, no munic\u00edpio de Caruaru\/PE \u2013 (Prot. 05\/2020);<br \/>\nNomeando o Revmo. Di\u00e1c. Josivan Nunes de Andrade para o exerc\u00edcio do Minist\u00e9rio Diaconal na Par\u00f3quia Catedral Nossa Senhora das Dores, no munic\u00edpio de Caruaru\/PE \u2013 (Prot. 06\/2020);<br \/>\nNomeando o Revmo. Di\u00e1c. S\u00e9rgio Manoel dos Santos para o exerc\u00edcio do Minist\u00e9rio Diaconal na Par\u00f3quia S\u00e3o Jos\u00e9, no munic\u00edpio de Bezerros\/PE \u2013 (Prot. 07\/2020);<br \/>\nNomeando o Revmo. Di\u00e1c. Alexandre Justino da Silva para o exerc\u00edcio do Minist\u00e9rio Diaconal na Par\u00f3quia Nossa Senhora Aparecida, no munic\u00edpio de Santa Cruz do Capibaribe\/PE \u2013 (Prot. 08\/2020);<br \/>\nNomeando para o Of\u00edcio de VICE-EC\u00d4NOMO DIOCESANO o seminarista Jos\u00e9 David Raphael e S. Cordeiro \u2013 (Prot. 09\/2020);<br \/>\nDADO e PASSADO nesta episcopal cidade de Caruaru-PE, junto \u00e0 C\u00faria Diocesana, aos tr\u00eas dias do m\u00eas de fevereiro do ano do Senhor de dois mil e vinte, mem\u00f3ria de S\u00e3o Br\u00e1s, bispo e m\u00e1rtir.<\/p>\n<p style=\"text-align: justify;\">Dom Jos\u00e9 Ruy Gon\u00e7alves Lopes OFM. Cap.<br \/>\nBispo diocesano de Caruaru<\/p>\n<p style=\"text-align: justify;\">Pe. Renan Sebasti\u00e3o da Silva<br \/>\nChanceler do Bispado<\/p>\n","protected":false},"excerpt":{"rendered":"<p>A C\u00faria Diocesana de Caruaru divulgou, nesta segunda (03), nomea\u00e7\u00f5es pastorais-administrativas feitas por Dom Jos\u00e9 Ruy para a Diocese de&hellip;<\/p>\n","protected":false},"author":1,"featured_media":51530,"comment_status":"open","ping_status":"open","sticky":false,"template":"","format":"standard","meta":{"footnotes":""},"categories":[14120],"tags":[2,16881,17234],"class_list":["post-51529","post","type-post","status-publish","format-standard","has-post-thumbnail","hentry","category-noticias","tag-blog-do-edvaldo-magalhaes","tag-caruaru-e-regiao","tag-dom-ruy-faz-primeiras-nomeacoes-pastorais-administrativas-na-diocese-de-caruaru"],"_links":{"self":[{"href":"https:\/\/blogdoedvaldomagalhaes.com.br\/index.php\/wp-json\/wp\/v2\/posts\/51529","targetHints":{"allow":["GET"]}}],"collection":[{"href":"https:\/\/blogdoedvaldomagalhaes.com.br\/index.php\/wp-json\/wp\/v2\/posts"}],"about":[{"href":"https:\/\/blogdoedvaldomagalhaes.com.br\/index.php\/wp-json\/wp\/v2\/types\/post"}],"author":[{"embeddable":true,"href":"https:\/\/blogdoedvaldomagalhaes.com.br\/index.php\/wp-json\/wp\/v2\/users\/1"}],"replies":[{"embeddable":true,"href":"https:\/\/blogdoedvaldomagalhaes.com.br\/index.php\/wp-json\/wp\/v2\/comments?post=51529"}],"version-history":[{"count":1,"href":"https:\/\/blogdoedvaldomagalhaes.com.br\/index.php\/wp-json\/wp\/v2\/posts\/51529\/revisions"}],"predecessor-version":[{"id":51531,"href":"https:\/\/blogdoedvaldomagalhaes.com.br\/index.php\/wp-json\/wp\/v2\/posts\/51529\/revisions\/51531"}],"wp:featuredmedia":[{"embeddable":true,"href":"https:\/\/blogdoedvaldomagalhaes.com.br\/index.php\/wp-json\/wp\/v2\/media\/51530"}],"wp:attachment":[{"href":"https:\/\/blogdoedvaldomagalhaes.com.br\/index.php\/wp-json\/wp\/v2\/media?parent=51529"}],"wp:term":[{"taxonomy":"category","embeddable":true,"href":"https:\/\/blogdoedvaldomagalhaes.com.br\/index.php\/wp-json\/wp\/v2\/categories?post=51529"},{"taxonomy":"post_tag","embeddable":true,"href":"https:\/\/blogdoedvaldomagalhaes.com.br\/index.php\/wp-json\/wp\/v2\/tags?post=51529"}],"curies":[{"name":"wp","href":"https:\/\/api.w.org\/{rel}","templated":true}]}}