{"id":51524,"date":"2020-02-03T20:52:22","date_gmt":"2020-02-03T23:52:22","guid":{"rendered":"http:\/\/blogdoedvaldomagalhaes.com.br\/?p=51524"},"modified":"2020-02-03T20:58:06","modified_gmt":"2020-02-03T23:58:06","slug":"raquel-e-joao-lyra-prestigiam-posse-do-novo-presidente-do-tjpe","status":"publish","type":"post","link":"https:\/\/blogdoedvaldomagalhaes.com.br\/index.php\/2020\/02\/03\/raquel-e-joao-lyra-prestigiam-posse-do-novo-presidente-do-tjpe\/","title":{"rendered":"Raquel e Jo\u00e3o Lyra prestigiam posse do novo presidente do TJPE"},"content":{"rendered":"<p style=\"text-align: justify;\"><span style=\"font-size: inherit;\">A prefeita de Caruaru, Raquel Lyra, acompanhada do ex-governador Jo\u00e3o Lyra Neto, prestigiou, na tarde desta segunda-feira (03), a posse da nova mesa diretora do Tribunal de Justi\u00e7a de Pernambuco (TJPE). O desembargador Fernando Cerqueira assumiu o posto de presidente da corte. A sess\u00e3o solene foi realizada na sede do TJPE, no Recife.<\/span><\/p>\n<p style=\"text-align: justify;\">\u201cTenho certeza de que o desembargador Fernando Cerqueira dar\u00e1 continuidade ao excelente trabalho do ex-presidente da corte, desembargador Adalberto de Oliveira, que, como caruaruense, realizou a\u00e7\u00f5es voltadas ao fortalecimento do judici\u00e1rio no interior do estado\u201d, ressaltou Raquel.<\/p>\n\n\n<figure class=\"wp-block-image size-large\"><img loading=\"lazy\" decoding=\"async\" width=\"1024\" height=\"732\" src=\"http:\/\/blogdoedvaldomagalhaes.com.br\/wp-content\/uploads\/2020\/02\/IMG-20200203-WA0139-1024x732.jpg\" alt=\"\" class=\"wp-image-51526\" srcset=\"https:\/\/blogdoedvaldomagalhaes.com.br\/wp-content\/uploads\/2020\/02\/IMG-20200203-WA0139-1024x732.jpg 1024w, https:\/\/blogdoedvaldomagalhaes.com.br\/wp-content\/uploads\/2020\/02\/IMG-20200203-WA0139-300x214.jpg 300w, https:\/\/blogdoedvaldomagalhaes.com.br\/wp-content\/uploads\/2020\/02\/IMG-20200203-WA0139-768x549.jpg 768w, https:\/\/blogdoedvaldomagalhaes.com.br\/wp-content\/uploads\/2020\/02\/IMG-20200203-WA0139.jpg 1280w\" sizes=\"auto, (max-width: 1024px) 100vw, 1024px\" \/><figcaption>Cr\u00e9dito: Alysson Maria\/ OAB-PE<\/figcaption><\/figure>\n","protected":false},"excerpt":{"rendered":"<p>A prefeita de Caruaru, Raquel Lyra, acompanhada do ex-governador Jo\u00e3o Lyra Neto, prestigiou, na tarde desta segunda-feira (03), a posse&hellip;<\/p>\n","protected":false},"author":1,"featured_media":51525,"comment_status":"open","ping_status":"open","sticky":false,"template":"","format":"standard","meta":{"footnotes":""},"categories":[14122],"tags":[2,17233],"class_list":["post-51524","post","type-post","status-publish","format-standard","has-post-thumbnail","hentry","category-politica","tag-blog-do-edvaldo-magalhaes","tag-raquel-e-joao-lyra-prestigiam-posse-do-novo-presidente-do-tjpe"],"_links":{"self":[{"href":"https:\/\/blogdoedvaldomagalhaes.com.br\/index.php\/wp-json\/wp\/v2\/posts\/51524","targetHints":{"allow":["GET"]}}],"collection":[{"href":"https:\/\/blogdoedvaldomagalhaes.com.br\/index.php\/wp-json\/wp\/v2\/posts"}],"about":[{"href":"https:\/\/blogdoedvaldomagalhaes.com.br\/index.php\/wp-json\/wp\/v2\/types\/post"}],"author":[{"embeddable":true,"href":"https:\/\/blogdoedvaldomagalhaes.com.br\/index.php\/wp-json\/wp\/v2\/users\/1"}],"replies":[{"embeddable":true,"href":"https:\/\/blogdoedvaldomagalhaes.com.br\/index.php\/wp-json\/wp\/v2\/comments?post=51524"}],"version-history":[{"count":2,"href":"https:\/\/blogdoedvaldomagalhaes.com.br\/index.php\/wp-json\/wp\/v2\/posts\/51524\/revisions"}],"predecessor-version":[{"id":51528,"href":"https:\/\/blogdoedvaldomagalhaes.com.br\/index.php\/wp-json\/wp\/v2\/posts\/51524\/revisions\/51528"}],"wp:featuredmedia":[{"embeddable":true,"href":"https:\/\/blogdoedvaldomagalhaes.com.br\/index.php\/wp-json\/wp\/v2\/media\/51525"}],"wp:attachment":[{"href":"https:\/\/blogdoedvaldomagalhaes.com.br\/index.php\/wp-json\/wp\/v2\/media?parent=51524"}],"wp:term":[{"taxonomy":"category","embeddable":true,"href":"https:\/\/blogdoedvaldomagalhaes.com.br\/index.php\/wp-json\/wp\/v2\/categories?post=51524"},{"taxonomy":"post_tag","embeddable":true,"href":"https:\/\/blogdoedvaldomagalhaes.com.br\/index.php\/wp-json\/wp\/v2\/tags?post=51524"}],"curies":[{"name":"wp","href":"https:\/\/api.w.org\/{rel}","templated":true}]}}