{"id":51521,"date":"2020-02-03T20:28:06","date_gmt":"2020-02-03T23:28:06","guid":{"rendered":"http:\/\/blogdoedvaldomagalhaes.com.br\/?p=51521"},"modified":"2020-02-04T16:18:44","modified_gmt":"2020-02-04T19:18:44","slug":"van-que-transportava-pacientes-aquaplanou-saiu-da-pista-e-tombou-na-br-232-em-bezerros-pe","status":"publish","type":"post","link":"https:\/\/blogdoedvaldomagalhaes.com.br\/index.php\/2020\/02\/03\/van-que-transportava-pacientes-aquaplanou-saiu-da-pista-e-tombou-na-br-232-em-bezerros-pe\/","title":{"rendered":"Van que transportava pacientes aquaplanou, saiu da pista e tombou na BR-232 em Bezerros-PE"},"content":{"rendered":"<p style=\"text-align: justify;\">O acidente ocorreu por volta das 14h20 no km 105 da BR 232 em Bezerros, no sentido interior.<\/p>\n<p style=\"text-align: justify;\">Estava chovendo no momento do acidente. Uma van que realiza o transporte de pacientes aquaplanou, saiu da pista e tombou.<\/p>\n<p style=\"text-align: justify;\">Havia 15 pessoas no ve\u00edculo, que havia sa\u00eddo do Recife em dire\u00e7\u00e3o a Jupi. 10 tiveram ferimentos leves e foram encaminhadas ao Hospital de Bezerros.<\/p>\n<p style=\"text-align: justify;\">O motorista realizou o teste do baf\u00f4metro e o resultado foi normal.<\/p>\n\n\n<figure class=\"wp-block-image size-large\"><img loading=\"lazy\" decoding=\"async\" width=\"629\" height=\"443\" src=\"http:\/\/blogdoedvaldomagalhaes.com.br\/wp-content\/uploads\/2020\/02\/IMG-20200204-WA01002.jpg\" alt=\"\" class=\"wp-image-51542\" srcset=\"https:\/\/blogdoedvaldomagalhaes.com.br\/wp-content\/uploads\/2020\/02\/IMG-20200204-WA01002.jpg 629w, https:\/\/blogdoedvaldomagalhaes.com.br\/wp-content\/uploads\/2020\/02\/IMG-20200204-WA01002-300x211.jpg 300w\" sizes=\"auto, (max-width: 629px) 100vw, 629px\" \/><figcaption>Foto: Reprodu\u00e7\u00e3o\/WhatsApp<\/figcaption><\/figure>\n","protected":false},"excerpt":{"rendered":"<p>O acidente ocorreu por volta das 14h20 no km 105 da BR 232 em Bezerros, no sentido interior. Estava chovendo&hellip;<\/p>\n","protected":false},"author":1,"featured_media":51522,"comment_status":"open","ping_status":"open","sticky":false,"template":"","format":"standard","meta":{"footnotes":""},"categories":[14120],"tags":[2,16881,17232,17231],"class_list":["post-51521","post","type-post","status-publish","format-standard","has-post-thumbnail","hentry","category-noticias","tag-blog-do-edvaldo-magalhaes","tag-caruaru-e-regiao","tag-saiu-da-pista-e-tombou-na-br-232-em-bezerros-pe","tag-van-que-transportava-pacientes-aquaplanou"],"_links":{"self":[{"href":"https:\/\/blogdoedvaldomagalhaes.com.br\/index.php\/wp-json\/wp\/v2\/posts\/51521","targetHints":{"allow":["GET"]}}],"collection":[{"href":"https:\/\/blogdoedvaldomagalhaes.com.br\/index.php\/wp-json\/wp\/v2\/posts"}],"about":[{"href":"https:\/\/blogdoedvaldomagalhaes.com.br\/index.php\/wp-json\/wp\/v2\/types\/post"}],"author":[{"embeddable":true,"href":"https:\/\/blogdoedvaldomagalhaes.com.br\/index.php\/wp-json\/wp\/v2\/users\/1"}],"replies":[{"embeddable":true,"href":"https:\/\/blogdoedvaldomagalhaes.com.br\/index.php\/wp-json\/wp\/v2\/comments?post=51521"}],"version-history":[{"count":2,"href":"https:\/\/blogdoedvaldomagalhaes.com.br\/index.php\/wp-json\/wp\/v2\/posts\/51521\/revisions"}],"predecessor-version":[{"id":51543,"href":"https:\/\/blogdoedvaldomagalhaes.com.br\/index.php\/wp-json\/wp\/v2\/posts\/51521\/revisions\/51543"}],"wp:featuredmedia":[{"embeddable":true,"href":"https:\/\/blogdoedvaldomagalhaes.com.br\/index.php\/wp-json\/wp\/v2\/media\/51522"}],"wp:attachment":[{"href":"https:\/\/blogdoedvaldomagalhaes.com.br\/index.php\/wp-json\/wp\/v2\/media?parent=51521"}],"wp:term":[{"taxonomy":"category","embeddable":true,"href":"https:\/\/blogdoedvaldomagalhaes.com.br\/index.php\/wp-json\/wp\/v2\/categories?post=51521"},{"taxonomy":"post_tag","embeddable":true,"href":"https:\/\/blogdoedvaldomagalhaes.com.br\/index.php\/wp-json\/wp\/v2\/tags?post=51521"}],"curies":[{"name":"wp","href":"https:\/\/api.w.org\/{rel}","templated":true}]}}