{"id":51518,"date":"2020-02-03T19:35:18","date_gmt":"2020-02-03T22:35:18","guid":{"rendered":"http:\/\/blogdoedvaldomagalhaes.com.br\/?p=51518"},"modified":"2020-02-03T19:37:21","modified_gmt":"2020-02-03T22:37:21","slug":"bebe-e-abandonado-em-belo-jardim","status":"publish","type":"post","link":"https:\/\/blogdoedvaldomagalhaes.com.br\/index.php\/2020\/02\/03\/bebe-e-abandonado-em-belo-jardim\/","title":{"rendered":"Beb\u00ea \u00e9 abandonado em Belo Jardim"},"content":{"rendered":"<p style=\"text-align: justify;\">Um beb\u00ea, de aproximadamente dois meses de vida, foi encontrado abandonando em uma viela na rua da Palha na manh\u00e3 desse s\u00e1bado (01), no bairro do Santo Ant\u00f4nio.<\/p>\n<p style=\"text-align: justify;\">Segundo informa\u00e7\u00f5es extraoficiais, uma mulher que n\u00e3o teve sua identidade revelada escutou um choro, ao chegar se deparou com um pano molhado da chuva, quando puxou o pano tinha uma crian\u00e7a toda roxa e chorando muito.<\/p>\n<p style=\"text-align: justify;\">A pol\u00edcia foi acionada e junto ao conselho tutelar levaram o beb\u00ea para a Delegacia de Belo Jardim. Policiais militares juntamente com o Conselho Tutelar foram acionados onde levaram o beb\u00ea ao HJAL onde recebe cuidados m\u00e9dicos.<\/p>\n<p style=\"text-align: justify;\">O caso ser\u00e1 investigado pela Pol\u00edcia Civil que tentar\u00e1 localizar a m\u00e3e e apurar por quais motivos a crian\u00e7a foi abandonada em via p\u00fablica. At\u00e9 o fechamento dessa mat\u00e9ria ainda n\u00e3o foi encontrada a m\u00e3e.<\/p>\n<p>Informa\u00e7\u00f5es: R\u00e1dio Liberdade.<\/p>\n<p>Foto: Reprodu\u00e7\u00e3o\/WhatsApp.<\/p>\n","protected":false},"excerpt":{"rendered":"<p>Um beb\u00ea, de aproximadamente dois meses de vida, foi encontrado abandonando em uma viela na rua da Palha na manh\u00e3&hellip;<\/p>\n","protected":false},"author":1,"featured_media":51520,"comment_status":"open","ping_status":"open","sticky":false,"template":"","format":"standard","meta":{"footnotes":""},"categories":[14121],"tags":[17230,2,16881],"class_list":["post-51518","post","type-post","status-publish","format-standard","has-post-thumbnail","hentry","category-policial","tag-bebe-e-abandonado-em-belo-jardim","tag-blog-do-edvaldo-magalhaes","tag-caruaru-e-regiao"],"_links":{"self":[{"href":"https:\/\/blogdoedvaldomagalhaes.com.br\/index.php\/wp-json\/wp\/v2\/posts\/51518","targetHints":{"allow":["GET"]}}],"collection":[{"href":"https:\/\/blogdoedvaldomagalhaes.com.br\/index.php\/wp-json\/wp\/v2\/posts"}],"about":[{"href":"https:\/\/blogdoedvaldomagalhaes.com.br\/index.php\/wp-json\/wp\/v2\/types\/post"}],"author":[{"embeddable":true,"href":"https:\/\/blogdoedvaldomagalhaes.com.br\/index.php\/wp-json\/wp\/v2\/users\/1"}],"replies":[{"embeddable":true,"href":"https:\/\/blogdoedvaldomagalhaes.com.br\/index.php\/wp-json\/wp\/v2\/comments?post=51518"}],"version-history":[{"count":1,"href":"https:\/\/blogdoedvaldomagalhaes.com.br\/index.php\/wp-json\/wp\/v2\/posts\/51518\/revisions"}],"predecessor-version":[{"id":51519,"href":"https:\/\/blogdoedvaldomagalhaes.com.br\/index.php\/wp-json\/wp\/v2\/posts\/51518\/revisions\/51519"}],"wp:featuredmedia":[{"embeddable":true,"href":"https:\/\/blogdoedvaldomagalhaes.com.br\/index.php\/wp-json\/wp\/v2\/media\/51520"}],"wp:attachment":[{"href":"https:\/\/blogdoedvaldomagalhaes.com.br\/index.php\/wp-json\/wp\/v2\/media?parent=51518"}],"wp:term":[{"taxonomy":"category","embeddable":true,"href":"https:\/\/blogdoedvaldomagalhaes.com.br\/index.php\/wp-json\/wp\/v2\/categories?post=51518"},{"taxonomy":"post_tag","embeddable":true,"href":"https:\/\/blogdoedvaldomagalhaes.com.br\/index.php\/wp-json\/wp\/v2\/tags?post=51518"}],"curies":[{"name":"wp","href":"https:\/\/api.w.org\/{rel}","templated":true}]}}