{"id":5151,"date":"2017-08-07T16:09:00","date_gmt":"2017-08-07T19:09:00","guid":{"rendered":"http:\/\/blogdoedvaldomagalhaes.com.br\/index.php\/2017\/08\/07\/quadrilha-e-desarticulada-pela-policia-2\/"},"modified":"2019-02-09T01:38:11","modified_gmt":"2019-02-09T03:38:11","slug":"quadrilha-e-desarticulada-pela-policia-2","status":"publish","type":"post","link":"https:\/\/blogdoedvaldomagalhaes.com.br\/index.php\/2017\/08\/07\/quadrilha-e-desarticulada-pela-policia-2\/","title":{"rendered":"Quadrilha \u00e9 desarticulada pela pol\u00edcia em Caruaru"},"content":{"rendered":"<div class=\"separator\" style=\"clear: both; text-align: center;\">\n<a href=\"https:\/\/3.bp.blogspot.com\/-HjVc-JDO5CQ\/WYiQcv9GhoI\/AAAAAAAAbEw\/9wrMfemZEqIQAWKqbyz8_bfkSBuI4bjsgCLcBGAs\/s1600\/blog.jpeg\" imageanchor=\"1\" style=\"margin-left: 1em; margin-right: 1em;\"><img loading=\"lazy\" decoding=\"async\" border=\"0\" data-original-height=\"225\" data-original-width=\"300\" height=\"300\" src=\"http:\/\/blogdoedvaldomagalhaes.com.br\/wp-content\/uploads\/2017\/08\/blog.jpeg\" width=\"400\" \/><\/a><\/div>\n<div class=\"separator\" style=\"clear: both; text-align: center;\">\nFoto: Adielson Galv\u00e3o<\/div>\n<div style=\"background: white; margin-bottom: 7.5pt; margin-left: 0cm; margin-right: 0cm; margin-top: 0cm; mso-line-height-alt: 18.0pt; text-align: justify;\">\n<\/div>\n<div style=\"background: white; margin-bottom: 7.5pt; margin-left: 0cm; margin-right: 0cm; margin-top: 0cm; mso-line-height-alt: 18.0pt; text-align: justify;\">\nAp\u00f3s um<br \/>\nlevantamento feito sobre den\u00fancias de uma quadrilha que estaria praticando<br \/>\nassaltos na cidade de Caruaru, os policiais do BEPI (Batalh\u00e3o Especializado de<br \/>\nPoliciamento do Interior),&nbsp;deflagraram uma opera\u00e7\u00e3o no intuito de prender<br \/>\nos suspeitos. Cinco pessoas foram presas e um menor apreendido. A a\u00e7\u00e3o policial<br \/>\ncome\u00e7ou no Residencial Bara\u00fanas.<\/div>\n<div style=\"background: white; box-sizing: border-box; margin: 0cm 0cm 7.5pt;\">\n<strong style=\"box-sizing: border-box;\">Material<br \/>\napreendido:<\/strong><\/div>\n<div style=\"background: white; box-sizing: border-box; margin: 0cm 0cm 7.5pt;\">\nR$3.250,00 em esp\u00e9cie<\/div>\n<div style=\"background: white; box-sizing: border-box; margin: 0cm 0cm 7.5pt;\">\n58 pedras de crack<\/div>\n<div style=\"background: white; box-sizing: border-box; margin: 0cm 0cm 7.5pt;\">\n01 m\u00e1quina fotogr\u00e1fica da marca<br \/>\nKodak<\/div>\n<div style=\"background: white; box-sizing: border-box; margin: 0cm 0cm 7.5pt;\">\n07 trouxas de um por branco<br \/>\nindicando coca\u00edna<\/div>\n<div style=\"background: white; box-sizing: border-box; margin: 0cm 0cm 7.5pt;\">\n07 rel\u00f3gios<\/div>\n<div style=\"background: white; box-sizing: border-box; margin: 0cm 0cm 7.5pt;\">\n01 caixa de som da marca JBL<\/div>\n<div style=\"background: white; box-sizing: border-box; margin: 0cm 0cm 7.5pt;\">\n01 balan\u00e7a de precis\u00e3o para<br \/>\npesagem da droga<\/div>\n<div style=\"background: white; box-sizing: border-box; margin: 0cm 0cm 7.5pt;\">\n01 peda\u00e7o de maconha prensada<\/div>\n<div style=\"background: white; box-sizing: border-box; margin: 0cm 0cm 7.5pt;\">\n09 aparelhos de celular<\/div>\n<p><\/p>\n<div style=\"background: white; box-sizing: border-box; margin: 0cm 0cm 7.5pt;\">\nOs suspeitos e os objetos<br \/>\naprendidos foram apresentados ao delegado de plant\u00e3o Alexandre Veras.<\/div>\n","protected":false},"excerpt":{"rendered":"<p>Foto: Adielson Galv\u00e3o Ap\u00f3s um levantamento feito sobre den\u00fancias de uma quadrilha que estaria praticando assaltos na cidade de Caruaru,&hellip;<\/p>\n","protected":false},"author":1,"featured_media":0,"comment_status":"open","ping_status":"open","sticky":false,"template":"","format":"standard","meta":{"footnotes":""},"categories":[1],"tags":[5015,4872,2,13,6725],"class_list":["post-5151","post","type-post","status-publish","format-standard","hentry","category-sem-categoria","tag-batalhao-especializado-de-policiamento-do-interior","tag-bepi","tag-blog-do-edvaldo-magalhaes","tag-policial","tag-quadrilha-e-desarticulada-pela-policia-em-caruaru"],"_links":{"self":[{"href":"https:\/\/blogdoedvaldomagalhaes.com.br\/index.php\/wp-json\/wp\/v2\/posts\/5151","targetHints":{"allow":["GET"]}}],"collection":[{"href":"https:\/\/blogdoedvaldomagalhaes.com.br\/index.php\/wp-json\/wp\/v2\/posts"}],"about":[{"href":"https:\/\/blogdoedvaldomagalhaes.com.br\/index.php\/wp-json\/wp\/v2\/types\/post"}],"author":[{"embeddable":true,"href":"https:\/\/blogdoedvaldomagalhaes.com.br\/index.php\/wp-json\/wp\/v2\/users\/1"}],"replies":[{"embeddable":true,"href":"https:\/\/blogdoedvaldomagalhaes.com.br\/index.php\/wp-json\/wp\/v2\/comments?post=5151"}],"version-history":[{"count":1,"href":"https:\/\/blogdoedvaldomagalhaes.com.br\/index.php\/wp-json\/wp\/v2\/posts\/5151\/revisions"}],"predecessor-version":[{"id":22827,"href":"https:\/\/blogdoedvaldomagalhaes.com.br\/index.php\/wp-json\/wp\/v2\/posts\/5151\/revisions\/22827"}],"wp:attachment":[{"href":"https:\/\/blogdoedvaldomagalhaes.com.br\/index.php\/wp-json\/wp\/v2\/media?parent=5151"}],"wp:term":[{"taxonomy":"category","embeddable":true,"href":"https:\/\/blogdoedvaldomagalhaes.com.br\/index.php\/wp-json\/wp\/v2\/categories?post=5151"},{"taxonomy":"post_tag","embeddable":true,"href":"https:\/\/blogdoedvaldomagalhaes.com.br\/index.php\/wp-json\/wp\/v2\/tags?post=5151"}],"curies":[{"name":"wp","href":"https:\/\/api.w.org\/{rel}","templated":true}]}}