{"id":51503,"date":"2020-02-03T17:29:54","date_gmt":"2020-02-03T20:29:54","guid":{"rendered":"http:\/\/blogdoedvaldomagalhaes.com.br\/?p=51503"},"modified":"2020-02-03T17:30:00","modified_gmt":"2020-02-03T20:30:00","slug":"exclusivo-novo-gerente-do-sesi-caruaru-assume-nesta-terca-feira-4","status":"publish","type":"post","link":"https:\/\/blogdoedvaldomagalhaes.com.br\/index.php\/2020\/02\/03\/exclusivo-novo-gerente-do-sesi-caruaru-assume-nesta-terca-feira-4\/","title":{"rendered":"Exclusivo: Novo Gerente do Sesi Caruaru assume nesta ter\u00e7a-feira (4)"},"content":{"rendered":"<p style=\"text-align: justify;\">M\u00e1rcio Borba, assume a ger\u00eancia da unidade do Sesi Caruaru, nesta ter\u00e7a-feira (04). M\u00e1rcio \u00e9 graduado em Comunica\u00e7\u00e3o Social, MBA Gest\u00e3o Empresarial pela FGV. Experi\u00eancia de 20 anos em multinacional do varejo, tendo passado pelos mercados do Sudeste, Norte e Nordeste do Brasil.<\/p>\n<p style=\"text-align: justify;\">A unidade do Sesi Caruaru, foi comandada durante 9 anos por Henrique Santana, que foi demitido em 26 de setembro de 2019. Robervania Cordeiro estave interinamente na ger\u00eancia, ap\u00f3s a sa\u00edda de Henrique.<\/p>\n","protected":false},"excerpt":{"rendered":"<p>M\u00e1rcio Borba, assume a ger\u00eancia da unidade do Sesi Caruaru, nesta ter\u00e7a-feira (04). M\u00e1rcio \u00e9 graduado em Comunica\u00e7\u00e3o Social, MBA&hellip;<\/p>\n","protected":false},"author":1,"featured_media":51504,"comment_status":"open","ping_status":"open","sticky":false,"template":"","format":"standard","meta":{"footnotes":""},"categories":[14120],"tags":[2,16881,17228],"class_list":["post-51503","post","type-post","status-publish","format-standard","has-post-thumbnail","hentry","category-noticias","tag-blog-do-edvaldo-magalhaes","tag-caruaru-e-regiao","tag-marcio-borba"],"_links":{"self":[{"href":"https:\/\/blogdoedvaldomagalhaes.com.br\/index.php\/wp-json\/wp\/v2\/posts\/51503","targetHints":{"allow":["GET"]}}],"collection":[{"href":"https:\/\/blogdoedvaldomagalhaes.com.br\/index.php\/wp-json\/wp\/v2\/posts"}],"about":[{"href":"https:\/\/blogdoedvaldomagalhaes.com.br\/index.php\/wp-json\/wp\/v2\/types\/post"}],"author":[{"embeddable":true,"href":"https:\/\/blogdoedvaldomagalhaes.com.br\/index.php\/wp-json\/wp\/v2\/users\/1"}],"replies":[{"embeddable":true,"href":"https:\/\/blogdoedvaldomagalhaes.com.br\/index.php\/wp-json\/wp\/v2\/comments?post=51503"}],"version-history":[{"count":1,"href":"https:\/\/blogdoedvaldomagalhaes.com.br\/index.php\/wp-json\/wp\/v2\/posts\/51503\/revisions"}],"predecessor-version":[{"id":51505,"href":"https:\/\/blogdoedvaldomagalhaes.com.br\/index.php\/wp-json\/wp\/v2\/posts\/51503\/revisions\/51505"}],"wp:featuredmedia":[{"embeddable":true,"href":"https:\/\/blogdoedvaldomagalhaes.com.br\/index.php\/wp-json\/wp\/v2\/media\/51504"}],"wp:attachment":[{"href":"https:\/\/blogdoedvaldomagalhaes.com.br\/index.php\/wp-json\/wp\/v2\/media?parent=51503"}],"wp:term":[{"taxonomy":"category","embeddable":true,"href":"https:\/\/blogdoedvaldomagalhaes.com.br\/index.php\/wp-json\/wp\/v2\/categories?post=51503"},{"taxonomy":"post_tag","embeddable":true,"href":"https:\/\/blogdoedvaldomagalhaes.com.br\/index.php\/wp-json\/wp\/v2\/tags?post=51503"}],"curies":[{"name":"wp","href":"https:\/\/api.w.org\/{rel}","templated":true}]}}