{"id":5150,"date":"2017-08-07T16:12:00","date_gmt":"2017-08-07T19:12:00","guid":{"rendered":"http:\/\/blogdoedvaldomagalhaes.com.br\/index.php\/2017\/08\/07\/prefeitura-de-caruaru-e-ocupada-por\/"},"modified":"2019-02-09T01:38:14","modified_gmt":"2019-02-09T03:38:14","slug":"prefeitura-de-caruaru-e-ocupada-por","status":"publish","type":"post","link":"https:\/\/blogdoedvaldomagalhaes.com.br\/index.php\/2017\/08\/07\/prefeitura-de-caruaru-e-ocupada-por\/","title":{"rendered":"Prefeitura de Caruaru \u00e9 ocupada por professores da rede municipal"},"content":{"rendered":"<div class=\"separator\" style=\"clear: both; text-align: center;\">\n<a href=\"https:\/\/4.bp.blogspot.com\/-zvPfBF87YxY\/WYiRJYskb3I\/AAAAAAAAbE4\/Zjyj_5cT-QE1NWhTGqEFhurjfmY7qCWwgCLcBGAs\/s1600\/prof.jpg\" imageanchor=\"1\" style=\"margin-left: 1em; margin-right: 1em;\"><img loading=\"lazy\" decoding=\"async\" border=\"0\" data-original-height=\"169\" data-original-width=\"300\" height=\"225\" src=\"http:\/\/blogdoedvaldomagalhaes.com.br\/wp-content\/uploads\/2017\/08\/prof.jpg\" width=\"400\" \/><\/a><\/div>\n<div class=\"separator\" style=\"clear: both; text-align: center;\">\n<\/div>\n<div class=\"separator\" style=\"clear: both; text-align: center;\">\n<a href=\"https:\/\/3.bp.blogspot.com\/-aUs-cChLdhQ\/WYiUUmNwqlI\/AAAAAAAAbFM\/xe1FTZt9BSUBDUeoJOUCcXIjvNglLHhCACLcBGAs\/s1600\/prof1.jpg\" imageanchor=\"1\" style=\"margin-left: 1em; margin-right: 1em;\"><img loading=\"lazy\" decoding=\"async\" border=\"0\" data-original-height=\"310\" data-original-width=\"552\" height=\"223\" src=\"http:\/\/blogdoedvaldomagalhaes.com.br\/wp-content\/uploads\/2017\/08\/prof1.jpg\" width=\"400\" \/><\/a><\/div>\n<p><\/p>\n<div class=\"separator\" style=\"clear: both; text-align: center;\">\n<a href=\"https:\/\/2.bp.blogspot.com\/-jJNyW7LOk_Q\/WYiUV4rCz9I\/AAAAAAAAbFQ\/9vLsLFdLljg80cQq58EiGxcCjZG5tgUpgCLcBGAs\/s1600\/profe2.jpg\" imageanchor=\"1\" style=\"margin-left: 1em; margin-right: 1em;\"><img loading=\"lazy\" decoding=\"async\" border=\"0\" data-original-height=\"310\" data-original-width=\"552\" height=\"223\" src=\"http:\/\/blogdoedvaldomagalhaes.com.br\/wp-content\/uploads\/2017\/08\/profe2.jpg\" width=\"400\" \/><\/a><\/div>\n<p><\/p>\n<div class=\"separator\" style=\"clear: both; text-align: center;\">\n<a href=\"https:\/\/2.bp.blogspot.com\/-TPunHDBEdLA\/WYiUYRFiqKI\/AAAAAAAAbFY\/xiao4wmcOfU372FHdZ7Pq7HkDGSwWRxEQCLcBGAs\/s1600\/profe3.jpg\" imageanchor=\"1\" style=\"margin-left: 1em; margin-right: 1em;\"><img loading=\"lazy\" decoding=\"async\" border=\"0\" data-original-height=\"310\" data-original-width=\"552\" height=\"223\" src=\"http:\/\/blogdoedvaldomagalhaes.com.br\/wp-content\/uploads\/2017\/08\/profe3.jpg\" width=\"400\" \/><\/a><\/div>\n<div class=\"separator\" style=\"clear: both; text-align: center;\">\n<\/div>\n<div style=\"background: white; margin-bottom: 18.0pt; margin-left: 0cm; margin-right: 0cm; margin-top: 0cm; text-align: justify; vertical-align: baseline;\">\nUm grupo de professores da rede municipal de<br \/>\nCaruaru, ocupou a sede da prefeitura, na manh\u00e3 desta segunda-feira (07), reclamando contra a falta<br \/>\nde di\u00e1logo com a gest\u00e3o e alegam que s\u00f3 v\u00e3o deixar o espa\u00e7o ap\u00f3s serem recebidos<br \/>\npela prefeita Raquel Lyra.<\/div>\n<div style=\"background: white; margin: 0cm 0cm 18pt; outline: 0px; text-align: justify; vertical-align: baseline;\">\nO secret\u00e1rio de Educa\u00e7\u00e3o de<br \/>\nCaruaru, Rubenildo Moura, esteve com uma comiss\u00e3o dos docentes para avaliar a<br \/>\nsitua\u00e7\u00e3o, mas at\u00e9 agora, nenhuma defini\u00e7\u00e3o. A categoria realiza uma parada de 24h na rede municipal de ensino.<\/div>\n","protected":false},"excerpt":{"rendered":"<p>Um grupo de professores da rede municipal de Caruaru, ocupou a sede da prefeitura, na manh\u00e3 desta segunda-feira (07), reclamando&hellip;<\/p>\n","protected":false},"author":1,"featured_media":0,"comment_status":"open","ping_status":"open","sticky":false,"template":"","format":"standard","meta":{"footnotes":""},"categories":[1],"tags":[2,6,6724,1229,4526],"class_list":["post-5150","post","type-post","status-publish","format-standard","hentry","category-sem-categoria","tag-blog-do-edvaldo-magalhaes","tag-noticias","tag-prefeitura-de-caruaru-e-ocupada-por-professores-da-rede-municipal","tag-raquel-lyra","tag-rubenildo-moura"],"_links":{"self":[{"href":"https:\/\/blogdoedvaldomagalhaes.com.br\/index.php\/wp-json\/wp\/v2\/posts\/5150","targetHints":{"allow":["GET"]}}],"collection":[{"href":"https:\/\/blogdoedvaldomagalhaes.com.br\/index.php\/wp-json\/wp\/v2\/posts"}],"about":[{"href":"https:\/\/blogdoedvaldomagalhaes.com.br\/index.php\/wp-json\/wp\/v2\/types\/post"}],"author":[{"embeddable":true,"href":"https:\/\/blogdoedvaldomagalhaes.com.br\/index.php\/wp-json\/wp\/v2\/users\/1"}],"replies":[{"embeddable":true,"href":"https:\/\/blogdoedvaldomagalhaes.com.br\/index.php\/wp-json\/wp\/v2\/comments?post=5150"}],"version-history":[{"count":1,"href":"https:\/\/blogdoedvaldomagalhaes.com.br\/index.php\/wp-json\/wp\/v2\/posts\/5150\/revisions"}],"predecessor-version":[{"id":22832,"href":"https:\/\/blogdoedvaldomagalhaes.com.br\/index.php\/wp-json\/wp\/v2\/posts\/5150\/revisions\/22832"}],"wp:attachment":[{"href":"https:\/\/blogdoedvaldomagalhaes.com.br\/index.php\/wp-json\/wp\/v2\/media?parent=5150"}],"wp:term":[{"taxonomy":"category","embeddable":true,"href":"https:\/\/blogdoedvaldomagalhaes.com.br\/index.php\/wp-json\/wp\/v2\/categories?post=5150"},{"taxonomy":"post_tag","embeddable":true,"href":"https:\/\/blogdoedvaldomagalhaes.com.br\/index.php\/wp-json\/wp\/v2\/tags?post=5150"}],"curies":[{"name":"wp","href":"https:\/\/api.w.org\/{rel}","templated":true}]}}