{"id":51475,"date":"2020-02-03T12:12:34","date_gmt":"2020-02-03T15:12:34","guid":{"rendered":"http:\/\/blogdoedvaldomagalhaes.com.br\/?p=51475"},"modified":"2020-02-03T12:12:38","modified_gmt":"2020-02-03T15:12:38","slug":"estudantes-da-rede-municipal-de-ensino-de-caruaru-voltam-as-aulas-nesta-terca-feira-4","status":"publish","type":"post","link":"https:\/\/blogdoedvaldomagalhaes.com.br\/index.php\/2020\/02\/03\/estudantes-da-rede-municipal-de-ensino-de-caruaru-voltam-as-aulas-nesta-terca-feira-4\/","title":{"rendered":"Estudantes da Rede Municipal de Ensino de Caruaru voltam \u00e0s aulas nesta ter\u00e7a-feira (4)"},"content":{"rendered":"<p style=\"text-align: justify;\"><span style=\"font-size: inherit;\">Os alunos das escolas regulares da rede municipal de ensino de Caruaru voltar\u00e3o \u00e0s aulas nesta ter\u00e7a-feira (04). J\u00e1 as Escolas em Tempo Integral e as creches ter\u00e3o o ano letivo 2020 iniciado no pr\u00f3ximo dia 10.<\/span><\/p>\n<p style=\"text-align: justify;\">Para garantir melhorias no ensino\/aprendizagem, a Prefeitura de Caruaru garantir\u00e1 a entrega dos livros, fardamento e do material escolar de qualidade que ser\u00e3o utilizados no decorrer do ano. A a\u00e7\u00e3o beneficia mais de 45 mil alunos da cidade e do campo.<\/p>\n<p>Para cumprir o calend\u00e1rio escolar de, no m\u00ednimo, 200 dias letivos, previstos na Lei de Diretrizes e Bases (LDB), a previs\u00e3o de encerramento do ano letivo \u00e9 do dia 22 de dezembro.<\/p>\n<p>Os pais ou respons\u00e1veis que ainda n\u00e3o matricularam os seus filhos devem procurar a Secretaria de Educa\u00e7\u00e3o para que os estudantes sejam encaminhados para as escolas mais pr\u00f3ximas de suas resid\u00eancias, onde tiver vaga dispon\u00edvel.<\/p>\n","protected":false},"excerpt":{"rendered":"<p>Os alunos das escolas regulares da rede municipal de ensino de Caruaru voltar\u00e3o \u00e0s aulas nesta ter\u00e7a-feira (04). J\u00e1 as&hellip;<\/p>\n","protected":false},"author":1,"featured_media":51476,"comment_status":"open","ping_status":"open","sticky":false,"template":"","format":"standard","meta":{"footnotes":""},"categories":[14120],"tags":[2,16881,17224],"class_list":["post-51475","post","type-post","status-publish","format-standard","has-post-thumbnail","hentry","category-noticias","tag-blog-do-edvaldo-magalhaes","tag-caruaru-e-regiao","tag-estudantes-da-rede-municipal-de-ensino-de-caruaru-voltam-as-aulas-nesta-terca-feira-4"],"_links":{"self":[{"href":"https:\/\/blogdoedvaldomagalhaes.com.br\/index.php\/wp-json\/wp\/v2\/posts\/51475","targetHints":{"allow":["GET"]}}],"collection":[{"href":"https:\/\/blogdoedvaldomagalhaes.com.br\/index.php\/wp-json\/wp\/v2\/posts"}],"about":[{"href":"https:\/\/blogdoedvaldomagalhaes.com.br\/index.php\/wp-json\/wp\/v2\/types\/post"}],"author":[{"embeddable":true,"href":"https:\/\/blogdoedvaldomagalhaes.com.br\/index.php\/wp-json\/wp\/v2\/users\/1"}],"replies":[{"embeddable":true,"href":"https:\/\/blogdoedvaldomagalhaes.com.br\/index.php\/wp-json\/wp\/v2\/comments?post=51475"}],"version-history":[{"count":1,"href":"https:\/\/blogdoedvaldomagalhaes.com.br\/index.php\/wp-json\/wp\/v2\/posts\/51475\/revisions"}],"predecessor-version":[{"id":51477,"href":"https:\/\/blogdoedvaldomagalhaes.com.br\/index.php\/wp-json\/wp\/v2\/posts\/51475\/revisions\/51477"}],"wp:featuredmedia":[{"embeddable":true,"href":"https:\/\/blogdoedvaldomagalhaes.com.br\/index.php\/wp-json\/wp\/v2\/media\/51476"}],"wp:attachment":[{"href":"https:\/\/blogdoedvaldomagalhaes.com.br\/index.php\/wp-json\/wp\/v2\/media?parent=51475"}],"wp:term":[{"taxonomy":"category","embeddable":true,"href":"https:\/\/blogdoedvaldomagalhaes.com.br\/index.php\/wp-json\/wp\/v2\/categories?post=51475"},{"taxonomy":"post_tag","embeddable":true,"href":"https:\/\/blogdoedvaldomagalhaes.com.br\/index.php\/wp-json\/wp\/v2\/tags?post=51475"}],"curies":[{"name":"wp","href":"https:\/\/api.w.org\/{rel}","templated":true}]}}