{"id":51470,"date":"2020-02-03T11:44:10","date_gmt":"2020-02-03T14:44:10","guid":{"rendered":"http:\/\/blogdoedvaldomagalhaes.com.br\/?p=51470"},"modified":"2020-02-03T11:44:15","modified_gmt":"2020-02-03T14:44:15","slug":"hemope-caruaru-lanca-campanha-de-doacao-de-sangue-para-o-carnaval-2020","status":"publish","type":"post","link":"https:\/\/blogdoedvaldomagalhaes.com.br\/index.php\/2020\/02\/03\/hemope-caruaru-lanca-campanha-de-doacao-de-sangue-para-o-carnaval-2020\/","title":{"rendered":"Hemope Caruaru lan\u00e7a campanha de doa\u00e7\u00e3o de sangue para o carnaval 2020"},"content":{"rendered":"<p style=\"text-align: justify;\"><span style=\"font-size: inherit;\">A Funda\u00e7\u00e3o de Hematologia e Hemoterapia de Caruaru lan\u00e7a na pr\u00f3xima ter\u00e7a feira (04), a campanha de doa\u00e7\u00e3o de sangue para o per\u00edodo de carnaval 2020. A campanha vem em clima festivo e diferenciada das anteriores, pois, conta com o apoio da Esta\u00e7\u00e3o Regional do Governo Presente Caruaru, com o tema: \u201cVem doar Sangue pra mim\u201d.<\/span><\/p>\n<p style=\"text-align: justify;\">A meta da campanha \u00e9 aumentar em cerca de 20% o n\u00famero de doares no per\u00edodo que antecede a folia de momo, para n\u00e3o haver falta durante a festan\u00e7a que possui uma grande demanda e baixo n\u00famero de doadores. Todos os tipos de sangue ser\u00e3o bem vindos para equilibrar os estoques e prevenir qualquer situa\u00e7\u00e3o de emerg\u00eancia. \u201cSabemos que nosso carnaval recebe muitos turistas, uma festa descentralizada e precisamos estar preparados para qualquer eventualidade de emerg\u00eancia, por isso a import\u00e2ncia de aumentarmos os n\u00fameros de doadores\u201d, pontuou, Elayne Sim\u00f5es, Diretora do Hemope Caruaru.<\/p>\n<p style=\"text-align: justify;\">O lan\u00e7amento oficial acontecer\u00e1 na pr\u00f3xima ter\u00e7a \u2013 feira (04), a partir das 9h, em frente ao Hemope Caruaru, Avenida Osvaldo Cruz, onde todos os doadores ser\u00e3o recebidos em ritmo de frevo com a presen\u00e7a da banda da Pol\u00edcia Militar, apresenta\u00e7\u00f5es do Boi Treme Terra, oferta de servi\u00e7os de sa\u00fade, como verifica\u00e7\u00e3o de press\u00e3o, teste de glicemia e tipagem sangu\u00ednea, bem como, a distribui\u00e7\u00e3o de preservativos masculino e feminino.<br \/>\nJ\u00e1 no dia (09\/02), o bloco \u201cVem doar sangue pra mim\u201d vai pra rua, se concentrando \u00e0s 9h em frente ao Hemope. Veste sua fantasia e vem fazer parte dessa folia.<\/p>\n<p style=\"text-align: justify;\">Quem pode doar?<\/p>\n<p style=\"text-align: justify;\">Para doar, \u00e9 preciso ter entre 16 e 60 anos e pesar mais de 50 quilos. Para os menores de 18 anos, \u00e9 necess\u00e1rio autoriza\u00e7\u00e3o e acompanhamento de um respons\u00e1vel durante a doa\u00e7\u00e3o. Em todos os casos, o doador precisa estar se sentindo bem e n\u00e3o pode estar doente, estar em boas condi\u00e7\u00f5es de sa\u00fade, n\u00e3o ter ingerido bebida alco\u00f3lica nas \u00faltimas 12h, ter tido uma boa noite de sono e estar bem alimentado.<\/p>\n<p style=\"text-align: justify;\">O Hemope Caruaru funciona de segunda a sexta \u2013 feira das 7h30 \u00e0s 17h, na Avenida Osvaldo Cruz, s\/n bairro Mauricio de Nassau. Outras informa\u00e7\u00f5es podem ser obtidas atrav\u00e9s do n\u00famero 3719 \u2013 9569.<\/p>\n","protected":false},"excerpt":{"rendered":"<p>A Funda\u00e7\u00e3o de Hematologia e Hemoterapia de Caruaru lan\u00e7a na pr\u00f3xima ter\u00e7a feira (04), a campanha de doa\u00e7\u00e3o de sangue&hellip;<\/p>\n","protected":false},"author":1,"featured_media":51471,"comment_status":"open","ping_status":"open","sticky":false,"template":"","format":"standard","meta":{"footnotes":""},"categories":[14120],"tags":[2,16881,17223],"class_list":["post-51470","post","type-post","status-publish","format-standard","has-post-thumbnail","hentry","category-noticias","tag-blog-do-edvaldo-magalhaes","tag-caruaru-e-regiao","tag-hemope-caruaru-lanca-campanha-de-doacao-de-sangue-para-o-carnaval-2020"],"_links":{"self":[{"href":"https:\/\/blogdoedvaldomagalhaes.com.br\/index.php\/wp-json\/wp\/v2\/posts\/51470","targetHints":{"allow":["GET"]}}],"collection":[{"href":"https:\/\/blogdoedvaldomagalhaes.com.br\/index.php\/wp-json\/wp\/v2\/posts"}],"about":[{"href":"https:\/\/blogdoedvaldomagalhaes.com.br\/index.php\/wp-json\/wp\/v2\/types\/post"}],"author":[{"embeddable":true,"href":"https:\/\/blogdoedvaldomagalhaes.com.br\/index.php\/wp-json\/wp\/v2\/users\/1"}],"replies":[{"embeddable":true,"href":"https:\/\/blogdoedvaldomagalhaes.com.br\/index.php\/wp-json\/wp\/v2\/comments?post=51470"}],"version-history":[{"count":1,"href":"https:\/\/blogdoedvaldomagalhaes.com.br\/index.php\/wp-json\/wp\/v2\/posts\/51470\/revisions"}],"predecessor-version":[{"id":51472,"href":"https:\/\/blogdoedvaldomagalhaes.com.br\/index.php\/wp-json\/wp\/v2\/posts\/51470\/revisions\/51472"}],"wp:featuredmedia":[{"embeddable":true,"href":"https:\/\/blogdoedvaldomagalhaes.com.br\/index.php\/wp-json\/wp\/v2\/media\/51471"}],"wp:attachment":[{"href":"https:\/\/blogdoedvaldomagalhaes.com.br\/index.php\/wp-json\/wp\/v2\/media?parent=51470"}],"wp:term":[{"taxonomy":"category","embeddable":true,"href":"https:\/\/blogdoedvaldomagalhaes.com.br\/index.php\/wp-json\/wp\/v2\/categories?post=51470"},{"taxonomy":"post_tag","embeddable":true,"href":"https:\/\/blogdoedvaldomagalhaes.com.br\/index.php\/wp-json\/wp\/v2\/tags?post=51470"}],"curies":[{"name":"wp","href":"https:\/\/api.w.org\/{rel}","templated":true}]}}