{"id":51467,"date":"2020-02-03T11:13:23","date_gmt":"2020-02-03T14:13:23","guid":{"rendered":"http:\/\/blogdoedvaldomagalhaes.com.br\/?p=51467"},"modified":"2020-02-03T11:13:28","modified_gmt":"2020-02-03T14:13:28","slug":"central-contrata-meia-que-estava-no-atletico-ce-para-a-temporada-2020","status":"publish","type":"post","link":"https:\/\/blogdoedvaldomagalhaes.com.br\/index.php\/2020\/02\/03\/central-contrata-meia-que-estava-no-atletico-ce-para-a-temporada-2020\/","title":{"rendered":"Central contrata meia que estava no Atl\u00e9tico\/CE para a temporada 2020"},"content":{"rendered":"<p style=\"text-align: justify;\"><span style=\"font-size: inherit;\">Janderson Oliveira Maia, o Janderson Maia, 26 anos, chega ao Central Sport Club para a temporada 2020.<\/span><\/p>\n<p style=\"text-align: justify;\">O volante passou pelas fortes categorias de base do Internacional\/RS e Vit\u00f3ria\/BA, e na sequ\u00eancia da carreira o jogador teve passagens pelo Bahia de Feira\/BA, Arapongas\/PR, Amadense\/SE, Gr\u00f6dig\/\u00c1ustria, Jacobina\/BA, Auto Esporte\/PB, Juventus\/SP, Nacional\/SP, Asa\/AL e por \u00faltimo, o Atl\u00e9tico\/CE.<\/p>\n<p style=\"text-align: justify;\">Nesta temporada do futebol brasileiro, a Patativa do Agreste disputa o Campeonato Pernambucano S\u00e9rie A1 e Brasileir\u00e3o da S\u00e9rie D.<\/p>\n","protected":false},"excerpt":{"rendered":"<p>Janderson Oliveira Maia, o Janderson Maia, 26 anos, chega ao Central Sport Club para a temporada 2020. O volante passou&hellip;<\/p>\n","protected":false},"author":1,"featured_media":51468,"comment_status":"open","ping_status":"open","sticky":false,"template":"","format":"standard","meta":{"footnotes":""},"categories":[14124],"tags":[2,16881,17221,17222],"class_list":["post-51467","post","type-post","status-publish","format-standard","has-post-thumbnail","hentry","category-centralsc","tag-blog-do-edvaldo-magalhaes","tag-caruaru-e-regiao","tag-central-contrata-meia-que-estava-no-atletico-ce-para-a-temporada-2020","tag-janderson-mais"],"_links":{"self":[{"href":"https:\/\/blogdoedvaldomagalhaes.com.br\/index.php\/wp-json\/wp\/v2\/posts\/51467","targetHints":{"allow":["GET"]}}],"collection":[{"href":"https:\/\/blogdoedvaldomagalhaes.com.br\/index.php\/wp-json\/wp\/v2\/posts"}],"about":[{"href":"https:\/\/blogdoedvaldomagalhaes.com.br\/index.php\/wp-json\/wp\/v2\/types\/post"}],"author":[{"embeddable":true,"href":"https:\/\/blogdoedvaldomagalhaes.com.br\/index.php\/wp-json\/wp\/v2\/users\/1"}],"replies":[{"embeddable":true,"href":"https:\/\/blogdoedvaldomagalhaes.com.br\/index.php\/wp-json\/wp\/v2\/comments?post=51467"}],"version-history":[{"count":1,"href":"https:\/\/blogdoedvaldomagalhaes.com.br\/index.php\/wp-json\/wp\/v2\/posts\/51467\/revisions"}],"predecessor-version":[{"id":51469,"href":"https:\/\/blogdoedvaldomagalhaes.com.br\/index.php\/wp-json\/wp\/v2\/posts\/51467\/revisions\/51469"}],"wp:featuredmedia":[{"embeddable":true,"href":"https:\/\/blogdoedvaldomagalhaes.com.br\/index.php\/wp-json\/wp\/v2\/media\/51468"}],"wp:attachment":[{"href":"https:\/\/blogdoedvaldomagalhaes.com.br\/index.php\/wp-json\/wp\/v2\/media?parent=51467"}],"wp:term":[{"taxonomy":"category","embeddable":true,"href":"https:\/\/blogdoedvaldomagalhaes.com.br\/index.php\/wp-json\/wp\/v2\/categories?post=51467"},{"taxonomy":"post_tag","embeddable":true,"href":"https:\/\/blogdoedvaldomagalhaes.com.br\/index.php\/wp-json\/wp\/v2\/tags?post=51467"}],"curies":[{"name":"wp","href":"https:\/\/api.w.org\/{rel}","templated":true}]}}