{"id":51456,"date":"2020-02-03T10:17:08","date_gmt":"2020-02-03T13:17:08","guid":{"rendered":"http:\/\/blogdoedvaldomagalhaes.com.br\/?p=51456"},"modified":"2020-02-04T07:03:19","modified_gmt":"2020-02-04T10:03:19","slug":"duas-mortes-e-dois-feridos-a-bala-na-pe-145-zona-rural-de-caruaru","status":"publish","type":"post","link":"https:\/\/blogdoedvaldomagalhaes.com.br\/index.php\/2020\/02\/03\/duas-mortes-e-dois-feridos-a-bala-na-pe-145-zona-rural-de-caruaru\/","title":{"rendered":"Duas mortes e dois feridos a bala na PE-145 zona rural de Caruaru"},"content":{"rendered":"<p style=\"text-align: justify;\">Duas pessoas morreram e outras duas ficaram feridas na PE-145, entre a Vila Ita\u00fana e o s\u00edtio Dois Riachos, zona rural de Caruaru, na madrugada desta segunda-feira (03).<\/p>\n<p style=\"text-align: justify;\">Segundo informa\u00e7\u00f5es de uma das v\u00edtimas de nome Maciel Josemi da Silva, que estava no banco traseiro, os quatro voltavam de uma festa em Toritama, em um ve\u00edculo Fiat Uno com placas de Belmiro Gouveia-AL, quando um ve\u00edculo ainda n\u00e3o identificado se aproximou e indiv\u00edduos come\u00e7aram a atirar no Fiat Uno, que capotou. Foram arremessados para fora do ve\u00edculo e morreram no local, Adjakson Ant\u00f4nio da Silva, conhecido como &#8220;Nim&#8221; (motorista), 33 anos, que morava em Fazenda Nova, distrito de Brejo da Madre de Deus, e Severino Fl\u00e1vio Est\u00eav\u00e3o, conhecido como &#8220;Ve\u00ednho&#8221; (carona no banco dianteiro), de 26 anos de idade, que morava no s\u00edtio Baixio. Os corpos foram encaminhados para o IML de Caruaru.<\/p>\n<p style=\"text-align: justify;\">De acordo com a pol\u00edcia, Adjakson, foi preso h\u00e1 quase quatro anos na Opera\u00e7\u00e3o Arreios da Lei, que prendeu um grupo de exterm\u00ednio com forte atua\u00e7\u00e3o nas cidades de Bezerros e Caruaru, a quadrilha da qual ele fazia parte foi responsabilizada por ter cometido 21 assassinatos e de tentar matar mais tr\u00eas pessoas. A Pol\u00edcia Civil tamb\u00e9m est\u00e1 investigando uma poss\u00edvel vingan\u00e7a ao Adjakson e os outros podem ter sido baleados fato de estarem com ele.<\/p>\n<p style=\"text-align: justify;\">Duas pessoas que estavam no banco de tr\u00e1s do Fiat ficaram feridas a bala, e foram socorridas para o Hospital Regional do Agreste (HRA). Em\u00fassio Sim\u00e3o de Lima, conhecido como &#8220;Musse&#8221;, foi levado para a Sala Vermelha do HRA, em estado grave, e depois transferido para o Hospital da Restaura\u00e7\u00e3o (HR), em Recife, a outra v\u00edtima foi Maciel Josemi da Silva, de 24 anos, residente na Vila Ita\u00fana, 2\u00b0 Distrito de Caruaru, que n\u00e3o corre o risco de morrer. A Pol\u00edcia Civil est\u00e1 investigando se foi tentativa de homic\u00eddio ou tentativa de assalto.<\/p>\n\n\n<figure class=\"wp-block-image size-large\"><img loading=\"lazy\" decoding=\"async\" width=\"540\" height=\"525\" src=\"http:\/\/blogdoedvaldomagalhaes.com.br\/wp-content\/uploads\/2020\/02\/IMG-20200203-WA0040.jpg\" alt=\"\" class=\"wp-image-51464\" srcset=\"https:\/\/blogdoedvaldomagalhaes.com.br\/wp-content\/uploads\/2020\/02\/IMG-20200203-WA0040.jpg 540w, https:\/\/blogdoedvaldomagalhaes.com.br\/wp-content\/uploads\/2020\/02\/IMG-20200203-WA0040-300x292.jpg 300w\" sizes=\"auto, (max-width: 540px) 100vw, 540px\" \/><figcaption>V\u00edtima: Severino Fl\u00e1vio Est\u00eav\u00e3o (Ve\u00ednho)<\/figcaption><\/figure>\n\n\n\n<figure class=\"wp-block-image size-large\"><img loading=\"lazy\" decoding=\"async\" width=\"521\" height=\"425\" src=\"http:\/\/blogdoedvaldomagalhaes.com.br\/wp-content\/uploads\/2020\/02\/IMG-20200203-WA00422.jpg\" alt=\"\" class=\"wp-image-51465\" srcset=\"https:\/\/blogdoedvaldomagalhaes.com.br\/wp-content\/uploads\/2020\/02\/IMG-20200203-WA00422.jpg 521w, https:\/\/blogdoedvaldomagalhaes.com.br\/wp-content\/uploads\/2020\/02\/IMG-20200203-WA00422-300x245.jpg 300w\" sizes=\"auto, (max-width: 521px) 100vw, 521px\" \/><figcaption>V\u00edtima: Adjakson Ant\u00f4nio da Silva (Nim)<\/figcaption><\/figure>\n","protected":false},"excerpt":{"rendered":"<p>Duas pessoas morreram e outras duas ficaram feridas na PE-145, entre a Vila Ita\u00fana e o s\u00edtio Dois Riachos, zona&hellip;<\/p>\n","protected":false},"author":1,"featured_media":51457,"comment_status":"open","ping_status":"open","sticky":false,"template":"","format":"standard","meta":{"footnotes":""},"categories":[14121],"tags":[2,16881,17220],"class_list":["post-51456","post","type-post","status-publish","format-standard","has-post-thumbnail","hentry","category-policial","tag-blog-do-edvaldo-magalhaes","tag-caruaru-e-regiao","tag-duas-mortes-e-dois-feridos-a-bala-na-pe-145-zona-rural-de-caruaru"],"_links":{"self":[{"href":"https:\/\/blogdoedvaldomagalhaes.com.br\/index.php\/wp-json\/wp\/v2\/posts\/51456","targetHints":{"allow":["GET"]}}],"collection":[{"href":"https:\/\/blogdoedvaldomagalhaes.com.br\/index.php\/wp-json\/wp\/v2\/posts"}],"about":[{"href":"https:\/\/blogdoedvaldomagalhaes.com.br\/index.php\/wp-json\/wp\/v2\/types\/post"}],"author":[{"embeddable":true,"href":"https:\/\/blogdoedvaldomagalhaes.com.br\/index.php\/wp-json\/wp\/v2\/users\/1"}],"replies":[{"embeddable":true,"href":"https:\/\/blogdoedvaldomagalhaes.com.br\/index.php\/wp-json\/wp\/v2\/comments?post=51456"}],"version-history":[{"count":23,"href":"https:\/\/blogdoedvaldomagalhaes.com.br\/index.php\/wp-json\/wp\/v2\/posts\/51456\/revisions"}],"predecessor-version":[{"id":51536,"href":"https:\/\/blogdoedvaldomagalhaes.com.br\/index.php\/wp-json\/wp\/v2\/posts\/51456\/revisions\/51536"}],"wp:featuredmedia":[{"embeddable":true,"href":"https:\/\/blogdoedvaldomagalhaes.com.br\/index.php\/wp-json\/wp\/v2\/media\/51457"}],"wp:attachment":[{"href":"https:\/\/blogdoedvaldomagalhaes.com.br\/index.php\/wp-json\/wp\/v2\/media?parent=51456"}],"wp:term":[{"taxonomy":"category","embeddable":true,"href":"https:\/\/blogdoedvaldomagalhaes.com.br\/index.php\/wp-json\/wp\/v2\/categories?post=51456"},{"taxonomy":"post_tag","embeddable":true,"href":"https:\/\/blogdoedvaldomagalhaes.com.br\/index.php\/wp-json\/wp\/v2\/tags?post=51456"}],"curies":[{"name":"wp","href":"https:\/\/api.w.org\/{rel}","templated":true}]}}