{"id":51453,"date":"2020-02-03T08:57:44","date_gmt":"2020-02-03T11:57:44","guid":{"rendered":"http:\/\/blogdoedvaldomagalhaes.com.br\/?p=51453"},"modified":"2020-02-03T08:57:48","modified_gmt":"2020-02-03T11:57:48","slug":"inscricoes-abertas-para-2a-corrida-e-caminhada-caruaru-para-todas","status":"publish","type":"post","link":"https:\/\/blogdoedvaldomagalhaes.com.br\/index.php\/2020\/02\/03\/inscricoes-abertas-para-2a-corrida-e-caminhada-caruaru-para-todas\/","title":{"rendered":"Inscri\u00e7\u00f5es abertas para \u201c2\u00aa Corrida e Caminhada Caruaru para Todas\u201d"},"content":{"rendered":"<p style=\"text-align: justify;\"><span style=\"font-size: inherit;\">A Prefeitura de Caruaru, atrav\u00e9s da Secretaria de Pol\u00edticas para Mulheres (SPM), realizar\u00e1 a \u201c2\u00aa Corrida e Caminhada Caruaru para Todas\u201d no dia 9 de fevereiro. O evento faz alus\u00e3o ao Dia do Atleta Profissional, comemorado no dia 10, e tem como proposta incentivar a pr\u00e1tica de exerc\u00edcio f\u00edsico e estimular as atividades de rua, melhorando assim a vida das mulheres do munic\u00edpio.<\/span><\/p>\n<p style=\"text-align: justify;\">Ser\u00e1 feito um percurso de 5 km, com a seguinte rota: in\u00edcio P\u00e1tio de eventos Luiz Lua Gonzaga; seguir\u00e1 em sentido \u00e0 BR-104; virando \u00e0 esquerda no cruzamento da Rua Bahia; retornando pela Avenida Rui Barbosa, seguindo at\u00e9 o P\u00e1tio de Eventos Luiz Lua Gonzaga, local da chegada.<\/p>\n<p style=\"text-align: justify;\">A iniciativa \u00e9 gratuita e conta com apoio da TV Asa Branca, atrav\u00e9s de parceiros, que levar\u00e1 a\u00e7\u00f5es do \u201cSa\u00fade nos Bairros\u201d. As inscri\u00e7\u00f5es devem ser realizadas atrav\u00e9s do site caruaru.pe.gov.br e na Secretaria de Pol\u00edticas para as Mulheres. A concentra\u00e7\u00e3o ser\u00e1 \u00e0s 5h30 da manh\u00e3, no P\u00e1tio de Eventos Luiz Gonzaga, sendo a largada \u00e0s 6h30. Ao cruzar a linha de chegada, conforme a categoria, as tr\u00eas primeiras colocadas receber\u00e3o trof\u00e9us.<\/p>\n<p style=\"text-align: justify;\">O evento tem p\u00fablico estimado de 700 pessoas de todas as idades e contar\u00e1 ainda com ambul\u00e2ncias e t\u00e9cnicos (as) em enfermagem, para atender \u00e0s necessidades das mulheres participantes.<\/p>\n<p style=\"text-align: justify;\">Voluntariado<br \/>\nEm parceria com o Transforma Caruaru, a \u201c2\u00aa Corrida e Caminhada Caruaru para Todas\u201d est\u00e1 convidando volunt\u00e1rios para participar no dia. S\u00e3o vagas para atendimentos em algumas \u00e1reas de apoio e de sa\u00fade, como por exemplo, profissionais e estudantes de enfermagem, nutri\u00e7\u00e3o, psicologia, fisioterapia e outros. Mais detalhes podem ser conferidos na plataforma: https:\/\/transformacaruaru.com.br\/.<\/p>\n","protected":false},"excerpt":{"rendered":"<p>A Prefeitura de Caruaru, atrav\u00e9s da Secretaria de Pol\u00edticas para Mulheres (SPM), realizar\u00e1 a \u201c2\u00aa Corrida e Caminhada Caruaru para&hellip;<\/p>\n","protected":false},"author":1,"featured_media":51454,"comment_status":"open","ping_status":"open","sticky":false,"template":"","format":"standard","meta":{"footnotes":""},"categories":[14120],"tags":[16881,17219],"class_list":["post-51453","post","type-post","status-publish","format-standard","has-post-thumbnail","hentry","category-noticias","tag-caruaru-e-regiao","tag-inscricoes-abertas-para-2a-corrida-e-caminhada-caruaru-para-todas"],"_links":{"self":[{"href":"https:\/\/blogdoedvaldomagalhaes.com.br\/index.php\/wp-json\/wp\/v2\/posts\/51453","targetHints":{"allow":["GET"]}}],"collection":[{"href":"https:\/\/blogdoedvaldomagalhaes.com.br\/index.php\/wp-json\/wp\/v2\/posts"}],"about":[{"href":"https:\/\/blogdoedvaldomagalhaes.com.br\/index.php\/wp-json\/wp\/v2\/types\/post"}],"author":[{"embeddable":true,"href":"https:\/\/blogdoedvaldomagalhaes.com.br\/index.php\/wp-json\/wp\/v2\/users\/1"}],"replies":[{"embeddable":true,"href":"https:\/\/blogdoedvaldomagalhaes.com.br\/index.php\/wp-json\/wp\/v2\/comments?post=51453"}],"version-history":[{"count":1,"href":"https:\/\/blogdoedvaldomagalhaes.com.br\/index.php\/wp-json\/wp\/v2\/posts\/51453\/revisions"}],"predecessor-version":[{"id":51455,"href":"https:\/\/blogdoedvaldomagalhaes.com.br\/index.php\/wp-json\/wp\/v2\/posts\/51453\/revisions\/51455"}],"wp:featuredmedia":[{"embeddable":true,"href":"https:\/\/blogdoedvaldomagalhaes.com.br\/index.php\/wp-json\/wp\/v2\/media\/51454"}],"wp:attachment":[{"href":"https:\/\/blogdoedvaldomagalhaes.com.br\/index.php\/wp-json\/wp\/v2\/media?parent=51453"}],"wp:term":[{"taxonomy":"category","embeddable":true,"href":"https:\/\/blogdoedvaldomagalhaes.com.br\/index.php\/wp-json\/wp\/v2\/categories?post=51453"},{"taxonomy":"post_tag","embeddable":true,"href":"https:\/\/blogdoedvaldomagalhaes.com.br\/index.php\/wp-json\/wp\/v2\/tags?post=51453"}],"curies":[{"name":"wp","href":"https:\/\/api.w.org\/{rel}","templated":true}]}}