{"id":5143,"date":"2017-08-08T10:47:00","date_gmt":"2017-08-08T13:47:00","guid":{"rendered":"http:\/\/blogdoedvaldomagalhaes.com.br\/index.php\/2017\/08\/08\/sulanqueiros-de-caruaru-que-perdera\/"},"modified":"2019-02-09T01:38:20","modified_gmt":"2019-02-09T03:38:20","slug":"sulanqueiros-de-caruaru-que-perdera","status":"publish","type":"post","link":"https:\/\/blogdoedvaldomagalhaes.com.br\/index.php\/2017\/08\/08\/sulanqueiros-de-caruaru-que-perdera\/","title":{"rendered":"Sulanqueiros de Caruaru que perderam bancos em inc\u00eandio recebem aux\u00edlio"},"content":{"rendered":"<div class=\"separator\" style=\"clear: both; text-align: center;\">\n<a href=\"https:\/\/3.bp.blogspot.com\/-P-l6asBe2y0\/WYmWfoUVDcI\/AAAAAAAAbIA\/vTi9GwnH-3wL0r5PDg7wt7XMdftGMomvwCLcBGAs\/s1600\/su%252Clanca.jpg\" imageanchor=\"1\" style=\"margin-left: 1em; margin-right: 1em;\"><img loading=\"lazy\" decoding=\"async\" border=\"0\" data-original-height=\"600\" data-original-width=\"900\" height=\"266\" src=\"http:\/\/blogdoedvaldomagalhaes.com.br\/wp-content\/uploads\/2017\/08\/su2Clanca.jpg\" width=\"400\" \/><\/a><\/div>\n<div class=\"separator\" style=\"clear: both; text-align: center;\">\nFoto: Arnaldo F\u00e9lix<\/div>\n<div class=\"separator\" style=\"clear: both; text-align: center;\">\n<\/div>\n<div style=\"background: white; line-height: 18.0pt; margin-bottom: 7.5pt; margin-left: 0cm; margin-right: 0cm; margin-top: 0cm; text-align: justify;\">\nO aux\u00edlio aos sulanqueiros<br \/>\nque perderam seus bancos em inc\u00eandio foi entregue na tarde desta segunda-feira<br \/>\n(07), na Casa Amarela, no Parque 18 de maio, em Caruaru. Cada comerciante<br \/>\nrecebeu das m\u00e3os do secret\u00e1rio de Servi\u00e7os P\u00fablicos, Humberto Correia J\u00fanior,<br \/>\num cheque no valor de 3 mil reais, por banco danificado.<\/div>\n<div class=\"separator\" style=\"clear: both; text-align: center;\">\n<\/div>\n<div style=\"background: white; box-sizing: border-box; line-height: 18pt; margin: 0cm 0cm 7.5pt; text-align: justify;\">\nA doa\u00e7\u00e3o tem como objetivo auxiliar na reconstru\u00e7\u00e3o dos bancos<br \/>\nperdidos. Ao todo, foram beneficiados 11 comerciantes. O inc\u00eandio ocorreu no<br \/>\ndia 16 de maio e destruiu 25 bancos da Feira da Sulanca.<\/div>\n<p><\/p>\n","protected":false},"excerpt":{"rendered":"<p>Foto: Arnaldo F\u00e9lix O aux\u00edlio aos sulanqueiros que perderam seus bancos em inc\u00eandio foi entregue na tarde desta segunda-feira (07),&hellip;<\/p>\n","protected":false},"author":1,"featured_media":0,"comment_status":"open","ping_status":"open","sticky":false,"template":"","format":"standard","meta":{"footnotes":""},"categories":[1],"tags":[2,6704,6705,6,2407,6706],"class_list":["post-5143","post","type-post","status-publish","format-standard","hentry","category-sem-categoria","tag-blog-do-edvaldo-magalhaes","tag-casa-amarelo","tag-humberto-correia-junior","tag-noticias","tag-parque-18-de-maio","tag-sulanqueiros-de-caruaru-que-perderam-bancos-em-incendio-recebem-auxilio"],"_links":{"self":[{"href":"https:\/\/blogdoedvaldomagalhaes.com.br\/index.php\/wp-json\/wp\/v2\/posts\/5143","targetHints":{"allow":["GET"]}}],"collection":[{"href":"https:\/\/blogdoedvaldomagalhaes.com.br\/index.php\/wp-json\/wp\/v2\/posts"}],"about":[{"href":"https:\/\/blogdoedvaldomagalhaes.com.br\/index.php\/wp-json\/wp\/v2\/types\/post"}],"author":[{"embeddable":true,"href":"https:\/\/blogdoedvaldomagalhaes.com.br\/index.php\/wp-json\/wp\/v2\/users\/1"}],"replies":[{"embeddable":true,"href":"https:\/\/blogdoedvaldomagalhaes.com.br\/index.php\/wp-json\/wp\/v2\/comments?post=5143"}],"version-history":[{"count":1,"href":"https:\/\/blogdoedvaldomagalhaes.com.br\/index.php\/wp-json\/wp\/v2\/posts\/5143\/revisions"}],"predecessor-version":[{"id":22848,"href":"https:\/\/blogdoedvaldomagalhaes.com.br\/index.php\/wp-json\/wp\/v2\/posts\/5143\/revisions\/22848"}],"wp:attachment":[{"href":"https:\/\/blogdoedvaldomagalhaes.com.br\/index.php\/wp-json\/wp\/v2\/media?parent=5143"}],"wp:term":[{"taxonomy":"category","embeddable":true,"href":"https:\/\/blogdoedvaldomagalhaes.com.br\/index.php\/wp-json\/wp\/v2\/categories?post=5143"},{"taxonomy":"post_tag","embeddable":true,"href":"https:\/\/blogdoedvaldomagalhaes.com.br\/index.php\/wp-json\/wp\/v2\/tags?post=5143"}],"curies":[{"name":"wp","href":"https:\/\/api.w.org\/{rel}","templated":true}]}}