{"id":51395,"date":"2020-02-01T21:11:25","date_gmt":"2020-02-02T00:11:25","guid":{"rendered":"http:\/\/blogdoedvaldomagalhaes.com.br\/?p=51395"},"modified":"2020-02-01T21:11:27","modified_gmt":"2020-02-02T00:11:27","slug":"policia-prende-dois-suspeitos-de-assaltar-supermercado-em-caruaru","status":"publish","type":"post","link":"https:\/\/blogdoedvaldomagalhaes.com.br\/index.php\/2020\/02\/01\/policia-prende-dois-suspeitos-de-assaltar-supermercado-em-caruaru\/","title":{"rendered":"Pol\u00edcia prende dois suspeitos de assaltar supermercado em Caruaru"},"content":{"rendered":"<p style=\"text-align: justify;\"><span style=\"font-size: inherit;\">Neste s\u00e1bado (1\u00b0) por volta das 14h, Policiais Militares do 4\u00baBPM , NIA\/2EMG e 1\u00b0BIESP receberam informa\u00e7\u00f5es que no Residencial Alto do Moura, estariam tr\u00eas indiv\u00edduos armados, acusados de serem os autores do assalto que ocorreu nao Supermercado Bonanza, no bairro Santa Rosa na \u00faltima quarta-feira (29).<\/span><\/p>\n<p style=\"text-align: justify;\">Ao Chegarem no local indicado, encontraram dois dos suspeitos que empreenderam fuga para o interior de uma das unidades do Conjunto Habitacional, mas foram perseguidos e presos. Ao realizarem uma busca no apartamento foi encontrada uma arma de fogo, aparelhos celulares, documentos de identifica\u00e7\u00e3o pessoal falsos e certa quantia de dinheiro em esp\u00e9cie.<\/p>\n<p style=\"text-align: justify;\">Na abordagem, ficou constatado que Michel Platini Jos\u00e9 Vieira Monteiro, 29 anos, constava como fugado da penitenci\u00e1ria de Campina Grande-PB, tendo o mesmo confessado ter praticado o assalto ao Supermercado Bonanza, e que estava na cidade de Caruaru a cerca de oito dias.<\/p>\n<p style=\"text-align: justify;\">O segundo indiv\u00edduo Daniel Guedes dos Santos, 32 anos, encontrava-se portando uma pistola cal .40, e um caregador com dez muni\u00e7\u00f5es do mesmo calibre, al\u00e9m de documentos falsos, o qual tamb\u00e9m confessou ter praticado o assalto ao Supermercado Bonanza.<\/p>\n<p style=\"text-align: justify;\">A ocorr\u00eancia foi conduzida a DPC de Plant\u00e3o em Caruaru, onde foi lavrado um Auto de pris\u00e3o em flagrante em desfavor do imputado Daniel, o qual ser\u00e1 apresentado posteriormente na Audi\u00eancia de Cust\u00f3dia. O segundo indiv\u00edduo (Michel) ficou recolhido, aguardando para ser levado de volta ao pres\u00eddio paraibano por agentes p\u00fablicos daquele estado.<\/p>\n<p style=\"text-align: justify;\">*&#8221;Pol\u00edcia Militar: Nossa Presen\u00e7a, Sua Seguran\u00e7a&#8221;*<\/p>\n","protected":false},"excerpt":{"rendered":"<p>Neste s\u00e1bado (1\u00b0) por volta das 14h, Policiais Militares do 4\u00baBPM , NIA\/2EMG e 1\u00b0BIESP receberam informa\u00e7\u00f5es que no Residencial&hellip;<\/p>\n","protected":false},"author":1,"featured_media":51396,"comment_status":"open","ping_status":"open","sticky":false,"template":"","format":"standard","meta":{"footnotes":""},"categories":[14121],"tags":[2,16881,17212],"class_list":["post-51395","post","type-post","status-publish","format-standard","has-post-thumbnail","hentry","category-policial","tag-blog-do-edvaldo-magalhaes","tag-caruaru-e-regiao","tag-policia-prende-dois-suspeitos-de-assaltar-supermercado-em-caruaru"],"_links":{"self":[{"href":"https:\/\/blogdoedvaldomagalhaes.com.br\/index.php\/wp-json\/wp\/v2\/posts\/51395","targetHints":{"allow":["GET"]}}],"collection":[{"href":"https:\/\/blogdoedvaldomagalhaes.com.br\/index.php\/wp-json\/wp\/v2\/posts"}],"about":[{"href":"https:\/\/blogdoedvaldomagalhaes.com.br\/index.php\/wp-json\/wp\/v2\/types\/post"}],"author":[{"embeddable":true,"href":"https:\/\/blogdoedvaldomagalhaes.com.br\/index.php\/wp-json\/wp\/v2\/users\/1"}],"replies":[{"embeddable":true,"href":"https:\/\/blogdoedvaldomagalhaes.com.br\/index.php\/wp-json\/wp\/v2\/comments?post=51395"}],"version-history":[{"count":1,"href":"https:\/\/blogdoedvaldomagalhaes.com.br\/index.php\/wp-json\/wp\/v2\/posts\/51395\/revisions"}],"predecessor-version":[{"id":51397,"href":"https:\/\/blogdoedvaldomagalhaes.com.br\/index.php\/wp-json\/wp\/v2\/posts\/51395\/revisions\/51397"}],"wp:featuredmedia":[{"embeddable":true,"href":"https:\/\/blogdoedvaldomagalhaes.com.br\/index.php\/wp-json\/wp\/v2\/media\/51396"}],"wp:attachment":[{"href":"https:\/\/blogdoedvaldomagalhaes.com.br\/index.php\/wp-json\/wp\/v2\/media?parent=51395"}],"wp:term":[{"taxonomy":"category","embeddable":true,"href":"https:\/\/blogdoedvaldomagalhaes.com.br\/index.php\/wp-json\/wp\/v2\/categories?post=51395"},{"taxonomy":"post_tag","embeddable":true,"href":"https:\/\/blogdoedvaldomagalhaes.com.br\/index.php\/wp-json\/wp\/v2\/tags?post=51395"}],"curies":[{"name":"wp","href":"https:\/\/api.w.org\/{rel}","templated":true}]}}