{"id":51389,"date":"2020-02-01T19:57:03","date_gmt":"2020-02-01T22:57:03","guid":{"rendered":"http:\/\/blogdoedvaldomagalhaes.com.br\/?p=51389"},"modified":"2020-02-01T20:56:00","modified_gmt":"2020-02-01T23:56:00","slug":"homicidio-dentro-de-casa-em-caruaru-neste-sabado-1","status":"publish","type":"post","link":"https:\/\/blogdoedvaldomagalhaes.com.br\/index.php\/2020\/02\/01\/homicidio-dentro-de-casa-em-caruaru-neste-sabado-1\/","title":{"rendered":"Homic\u00eddio dentro de casa em Caruaru neste s\u00e1bado (1\u00b0)"},"content":{"rendered":"<p style=\"text-align: justify;\">O homicidio ocorreu no in\u00edcio da noite deste s\u00e1bado (1\u00b0). Segundo informa\u00e7\u00f5es da pol\u00edcia, Jos\u00e9 \u00c9dson da Silva, de 44 anos de idade, conhecido como &#8220;P\u00e9&#8221;, era usu\u00e1rio de drogas, estava com a esposa em sua resid\u00eancia na 4\u00b0 Travessa Godofredo de Medeiros, no bairro Salgado, quando quatro indiv\u00edduos encapuzados chegaram em um carro ainda n\u00e3o identificado, invadiram a casa e atiram na v\u00edtima que estava no sof\u00e1. Jos\u00e9 \u00c9dson tentou fugir, mas n\u00e3o conseguiu e morreu no quintal. Ap\u00f3s efetuar os disparos de arma de fogo os algozes fugiram.<\/p>\n<p style=\"text-align: justify;\">Este foi o 1\u00b0 homic\u00eddio do m\u00eas de Fevereiro e o 12\u00b0 do ano 2020. Ap\u00f3s o levantamento cadav\u00e9rico o corpo da v\u00edtima vai ser encaminhado para o IML local.<\/p>\n<p style=\"text-align: justify;\">Este foi o 1\u00b0 homic\u00eddio no m\u00eas de fevereiro, e o 12\u00b0 no ano de 2020, em Caruaru.<\/p>\n","protected":false},"excerpt":{"rendered":"<p>O homicidio ocorreu no in\u00edcio da noite deste s\u00e1bado (1\u00b0). Segundo informa\u00e7\u00f5es da pol\u00edcia, Jos\u00e9 \u00c9dson da Silva, de 44&hellip;<\/p>\n","protected":false},"author":1,"featured_media":51390,"comment_status":"open","ping_status":"open","sticky":false,"template":"","format":"standard","meta":{"footnotes":""},"categories":[14121],"tags":[2,16881,17211],"class_list":["post-51389","post","type-post","status-publish","format-standard","has-post-thumbnail","hentry","category-policial","tag-blog-do-edvaldo-magalhaes","tag-caruaru-e-regiao","tag-homem-e-morto-dentro-de-casa-em-caruaru-neste-sabado-1"],"_links":{"self":[{"href":"https:\/\/blogdoedvaldomagalhaes.com.br\/index.php\/wp-json\/wp\/v2\/posts\/51389","targetHints":{"allow":["GET"]}}],"collection":[{"href":"https:\/\/blogdoedvaldomagalhaes.com.br\/index.php\/wp-json\/wp\/v2\/posts"}],"about":[{"href":"https:\/\/blogdoedvaldomagalhaes.com.br\/index.php\/wp-json\/wp\/v2\/types\/post"}],"author":[{"embeddable":true,"href":"https:\/\/blogdoedvaldomagalhaes.com.br\/index.php\/wp-json\/wp\/v2\/users\/1"}],"replies":[{"embeddable":true,"href":"https:\/\/blogdoedvaldomagalhaes.com.br\/index.php\/wp-json\/wp\/v2\/comments?post=51389"}],"version-history":[{"count":4,"href":"https:\/\/blogdoedvaldomagalhaes.com.br\/index.php\/wp-json\/wp\/v2\/posts\/51389\/revisions"}],"predecessor-version":[{"id":51394,"href":"https:\/\/blogdoedvaldomagalhaes.com.br\/index.php\/wp-json\/wp\/v2\/posts\/51389\/revisions\/51394"}],"wp:featuredmedia":[{"embeddable":true,"href":"https:\/\/blogdoedvaldomagalhaes.com.br\/index.php\/wp-json\/wp\/v2\/media\/51390"}],"wp:attachment":[{"href":"https:\/\/blogdoedvaldomagalhaes.com.br\/index.php\/wp-json\/wp\/v2\/media?parent=51389"}],"wp:term":[{"taxonomy":"category","embeddable":true,"href":"https:\/\/blogdoedvaldomagalhaes.com.br\/index.php\/wp-json\/wp\/v2\/categories?post=51389"},{"taxonomy":"post_tag","embeddable":true,"href":"https:\/\/blogdoedvaldomagalhaes.com.br\/index.php\/wp-json\/wp\/v2\/tags?post=51389"}],"curies":[{"name":"wp","href":"https:\/\/api.w.org\/{rel}","templated":true}]}}