{"id":51376,"date":"2020-02-01T12:25:16","date_gmt":"2020-02-01T15:25:16","guid":{"rendered":"http:\/\/blogdoedvaldomagalhaes.com.br\/?p=51376"},"modified":"2020-02-01T13:31:20","modified_gmt":"2020-02-01T16:31:20","slug":"blocos-carnavalescos-abrem-o-carnaval-2020-em-caruaru-neste-domingo-2","status":"publish","type":"post","link":"https:\/\/blogdoedvaldomagalhaes.com.br\/index.php\/2020\/02\/01\/blocos-carnavalescos-abrem-o-carnaval-2020-em-caruaru-neste-domingo-2\/","title":{"rendered":"Blocos carnavalescos abrem o Carnaval 2020 em Caruaru neste domingo (2)"},"content":{"rendered":"<p style=\"text-align: justify;\">Blocos desfilam em Caruaru, neste domingo (02), abrindo assim o Carnaval 2020 na cidade.<\/p>\n<p style=\"text-align: justify;\">O Bloco Gula Gula, na rua dos Bandeirantes, no bairro Maur\u00edcio de Nassau. A concentra\u00e7\u00e3o a partir das 10h da manh\u00e3, e a anima\u00e7\u00e3o vai at\u00e9 \u00e0s 15h.\u00a0<\/p>\n<p style=\"text-align: justify;\">O Bloco Vai Que \u00e9 Tua Tafarel, ter\u00e1 concentra\u00e7\u00e3o no Bar do Nino, no bairro Salgado, depois os foli\u00f5es ir\u00e3o at\u00e9 a Academia das Cidades, no bairro S\u00e3o Jo\u00e3o da Esc\u00f3cia.<\/p>\n<p style=\"text-align: justify;\">Bloco Vai Tomar Cooler, das 13h \u00e0s 18h, na rua da Cruz, no Monte Jesus.<\/p>\n<p>Bloco do Maxixe, no Bar do Nino, no bairro Salgado, das 13h \u00e0s 17h.<\/p>\n<p style=\"text-align: justify;\">O Bloco As Melindrosas, ser\u00e1 das 13 \u00e0s 18h, ter\u00e1 concentra\u00e7\u00e3o no bairro Petr\u00f3polis, e ir\u00e1 para o bairro Alto da Banana.<\/p>\n<p style=\"text-align: justify;\">Bloco Tou com Ele, das 16h \u00e0s 20h, con concentra\u00e7\u00e3o na rua Deputado Torres Galv\u00e3o, e vai at\u00e9 a Academia das Cidades, no bairro S\u00e3o Jo\u00e3o da Esc\u00f3cia.\u00a0<\/p>\n\n\n<figure class=\"wp-block-image size-large\"><img loading=\"lazy\" decoding=\"async\" width=\"720\" height=\"900\" src=\"http:\/\/blogdoedvaldomagalhaes.com.br\/wp-content\/uploads\/2020\/02\/FB_IMG_1580570252110.jpg\" alt=\"\" class=\"wp-image-51378\" srcset=\"https:\/\/blogdoedvaldomagalhaes.com.br\/wp-content\/uploads\/2020\/02\/FB_IMG_1580570252110.jpg 720w, https:\/\/blogdoedvaldomagalhaes.com.br\/wp-content\/uploads\/2020\/02\/FB_IMG_1580570252110-240x300.jpg 240w\" sizes=\"auto, (max-width: 720px) 100vw, 720px\" \/><\/figure>\n\n\n\n<figure class=\"wp-block-image size-large\"><img loading=\"lazy\" decoding=\"async\" width=\"1024\" height=\"1024\" src=\"http:\/\/blogdoedvaldomagalhaes.com.br\/wp-content\/uploads\/2020\/02\/FB_IMG_1580570280986-1024x1024.jpg\" alt=\"\" class=\"wp-image-51379\" srcset=\"https:\/\/blogdoedvaldomagalhaes.com.br\/wp-content\/uploads\/2020\/02\/FB_IMG_1580570280986-1024x1024.jpg 1024w, https:\/\/blogdoedvaldomagalhaes.com.br\/wp-content\/uploads\/2020\/02\/FB_IMG_1580570280986-300x300.jpg 300w, https:\/\/blogdoedvaldomagalhaes.com.br\/wp-content\/uploads\/2020\/02\/FB_IMG_1580570280986-150x150.jpg 150w, https:\/\/blogdoedvaldomagalhaes.com.br\/wp-content\/uploads\/2020\/02\/FB_IMG_1580570280986-768x768.jpg 768w, https:\/\/blogdoedvaldomagalhaes.com.br\/wp-content\/uploads\/2020\/02\/FB_IMG_1580570280986.jpg 1080w\" sizes=\"auto, (max-width: 1024px) 100vw, 1024px\" \/><\/figure>\n","protected":false},"excerpt":{"rendered":"<p>Blocos desfilam em Caruaru, neste domingo (02), abrindo assim o Carnaval 2020 na cidade. O Bloco Gula Gula, na rua&hellip;<\/p>\n","protected":false},"author":1,"featured_media":51377,"comment_status":"open","ping_status":"open","sticky":false,"template":"","format":"standard","meta":{"footnotes":""},"categories":[14120],"tags":[17210,2,16881],"class_list":["post-51376","post","type-post","status-publish","format-standard","has-post-thumbnail","hentry","category-noticias","tag-blocos-carnavalescos-abrem-o-carnaval-2020-em-caruaru-neste-domingo-2","tag-blog-do-edvaldo-magalhaes","tag-caruaru-e-regiao"],"_links":{"self":[{"href":"https:\/\/blogdoedvaldomagalhaes.com.br\/index.php\/wp-json\/wp\/v2\/posts\/51376","targetHints":{"allow":["GET"]}}],"collection":[{"href":"https:\/\/blogdoedvaldomagalhaes.com.br\/index.php\/wp-json\/wp\/v2\/posts"}],"about":[{"href":"https:\/\/blogdoedvaldomagalhaes.com.br\/index.php\/wp-json\/wp\/v2\/types\/post"}],"author":[{"embeddable":true,"href":"https:\/\/blogdoedvaldomagalhaes.com.br\/index.php\/wp-json\/wp\/v2\/users\/1"}],"replies":[{"embeddable":true,"href":"https:\/\/blogdoedvaldomagalhaes.com.br\/index.php\/wp-json\/wp\/v2\/comments?post=51376"}],"version-history":[{"count":8,"href":"https:\/\/blogdoedvaldomagalhaes.com.br\/index.php\/wp-json\/wp\/v2\/posts\/51376\/revisions"}],"predecessor-version":[{"id":51387,"href":"https:\/\/blogdoedvaldomagalhaes.com.br\/index.php\/wp-json\/wp\/v2\/posts\/51376\/revisions\/51387"}],"wp:featuredmedia":[{"embeddable":true,"href":"https:\/\/blogdoedvaldomagalhaes.com.br\/index.php\/wp-json\/wp\/v2\/media\/51377"}],"wp:attachment":[{"href":"https:\/\/blogdoedvaldomagalhaes.com.br\/index.php\/wp-json\/wp\/v2\/media?parent=51376"}],"wp:term":[{"taxonomy":"category","embeddable":true,"href":"https:\/\/blogdoedvaldomagalhaes.com.br\/index.php\/wp-json\/wp\/v2\/categories?post=51376"},{"taxonomy":"post_tag","embeddable":true,"href":"https:\/\/blogdoedvaldomagalhaes.com.br\/index.php\/wp-json\/wp\/v2\/tags?post=51376"}],"curies":[{"name":"wp","href":"https:\/\/api.w.org\/{rel}","templated":true}]}}