{"id":51372,"date":"2020-02-01T10:12:27","date_gmt":"2020-02-01T13:12:27","guid":{"rendered":"http:\/\/blogdoedvaldomagalhaes.com.br\/?p=51372"},"modified":"2020-02-01T10:13:24","modified_gmt":"2020-02-01T13:13:24","slug":"apac-alerta-para-chuvas-no-litoral-e-sertao-de-pernambuco-neste-sabado-1","status":"publish","type":"post","link":"https:\/\/blogdoedvaldomagalhaes.com.br\/index.php\/2020\/02\/01\/apac-alerta-para-chuvas-no-litoral-e-sertao-de-pernambuco-neste-sabado-1\/","title":{"rendered":"APAC alerta para chuvas no Litoral e Sert\u00e3o de Pernambuco neste s\u00e1bado (1\u00b0)"},"content":{"rendered":"<p style=\"text-align: justify;\">A Ag\u00eancia Pernambucana de \u00c1guas e Clima (APAC) <span style=\"font-size: inherit;\">informa que foi enviado aviso de chuva de moderada a forte para o litoral e sert\u00e3o pernambucano.<\/span><\/p>\n<p style=\"text-align: justify;\">As nuvens convectivas est\u00e3o se desenvolvendo entre o oceano e continente, e o s\u00e1bado (1\u00b0), ser\u00e1 de chuva na Regi\u00e3o Metropolitana de Recife (RMR) e Zona da Mata.<\/p>\n<p style=\"text-align: justify;\">No Sert\u00e3o a chuva dever\u00e1 ser no per\u00edodo da tarde e noite. Confira a nota abaixo.<\/p>\n\n\n<figure class=\"wp-block-image size-large\"><img loading=\"lazy\" decoding=\"async\" width=\"750\" height=\"779\" src=\"http:\/\/blogdoedvaldomagalhaes.com.br\/wp-content\/uploads\/2020\/02\/IMG-20200201-WA0011.jpg\" alt=\"\" class=\"wp-image-51374\" srcset=\"https:\/\/blogdoedvaldomagalhaes.com.br\/wp-content\/uploads\/2020\/02\/IMG-20200201-WA0011.jpg 750w, https:\/\/blogdoedvaldomagalhaes.com.br\/wp-content\/uploads\/2020\/02\/IMG-20200201-WA0011-289x300.jpg 289w\" sizes=\"auto, (max-width: 750px) 100vw, 750px\" \/><\/figure>\n","protected":false},"excerpt":{"rendered":"<p>A Ag\u00eancia Pernambucana de \u00c1guas e Clima (APAC) informa que foi enviado aviso de chuva de moderada a forte para&hellip;<\/p>\n","protected":false},"author":1,"featured_media":51373,"comment_status":"open","ping_status":"open","sticky":false,"template":"","format":"standard","meta":{"footnotes":""},"categories":[14120],"tags":[17209,2,16881],"class_list":["post-51372","post","type-post","status-publish","format-standard","has-post-thumbnail","hentry","category-noticias","tag-apac-alerta-para-chuvas-no-litoral-e-sertao-de-pernambuco-neste-sabado-1","tag-blog-do-edvaldo-magalhaes","tag-caruaru-e-regiao"],"_links":{"self":[{"href":"https:\/\/blogdoedvaldomagalhaes.com.br\/index.php\/wp-json\/wp\/v2\/posts\/51372","targetHints":{"allow":["GET"]}}],"collection":[{"href":"https:\/\/blogdoedvaldomagalhaes.com.br\/index.php\/wp-json\/wp\/v2\/posts"}],"about":[{"href":"https:\/\/blogdoedvaldomagalhaes.com.br\/index.php\/wp-json\/wp\/v2\/types\/post"}],"author":[{"embeddable":true,"href":"https:\/\/blogdoedvaldomagalhaes.com.br\/index.php\/wp-json\/wp\/v2\/users\/1"}],"replies":[{"embeddable":true,"href":"https:\/\/blogdoedvaldomagalhaes.com.br\/index.php\/wp-json\/wp\/v2\/comments?post=51372"}],"version-history":[{"count":1,"href":"https:\/\/blogdoedvaldomagalhaes.com.br\/index.php\/wp-json\/wp\/v2\/posts\/51372\/revisions"}],"predecessor-version":[{"id":51375,"href":"https:\/\/blogdoedvaldomagalhaes.com.br\/index.php\/wp-json\/wp\/v2\/posts\/51372\/revisions\/51375"}],"wp:featuredmedia":[{"embeddable":true,"href":"https:\/\/blogdoedvaldomagalhaes.com.br\/index.php\/wp-json\/wp\/v2\/media\/51373"}],"wp:attachment":[{"href":"https:\/\/blogdoedvaldomagalhaes.com.br\/index.php\/wp-json\/wp\/v2\/media?parent=51372"}],"wp:term":[{"taxonomy":"category","embeddable":true,"href":"https:\/\/blogdoedvaldomagalhaes.com.br\/index.php\/wp-json\/wp\/v2\/categories?post=51372"},{"taxonomy":"post_tag","embeddable":true,"href":"https:\/\/blogdoedvaldomagalhaes.com.br\/index.php\/wp-json\/wp\/v2\/tags?post=51372"}],"curies":[{"name":"wp","href":"https:\/\/api.w.org\/{rel}","templated":true}]}}