{"id":51369,"date":"2020-01-31T19:24:18","date_gmt":"2020-01-31T22:24:18","guid":{"rendered":"http:\/\/blogdoedvaldomagalhaes.com.br\/?p=51369"},"modified":"2020-01-31T19:24:23","modified_gmt":"2020-01-31T22:24:23","slug":"prefeitura-de-caruaru-recebe-propostas-de-artistas-para-a-programacao-do-sao-joao-2020","status":"publish","type":"post","link":"https:\/\/blogdoedvaldomagalhaes.com.br\/index.php\/2020\/01\/31\/prefeitura-de-caruaru-recebe-propostas-de-artistas-para-a-programacao-do-sao-joao-2020\/","title":{"rendered":"Prefeitura de Caruaru recebe propostas de artistas para a programa\u00e7\u00e3o do S\u00e3o Jo\u00e3o 2020"},"content":{"rendered":"<p style=\"text-align: justify;\"><span style=\"font-size: inherit;\">A Prefeitura de Caruaru lan\u00e7ou, nesta sexta-feira (31), um edital de chamamento p\u00fablico a n\u00edvel nacional para artistas interessados em compor a programa\u00e7\u00e3o do S\u00e3o Jo\u00e3o 2020. As inscri\u00e7\u00f5es ocorrem at\u00e9 o dia 2 de mar\u00e7o, podendo ser feitas de forma presencial, na Funda\u00e7\u00e3o de Cultura e Turismo do munic\u00edpio, ou atrav\u00e9s do e-mail gerenciadecultura@gmail.com.<\/span><\/p>\n<p style=\"text-align: justify;\">A habilita\u00e7\u00e3o das propostas inscritas ser\u00e1 feita a partir da an\u00e1lise da documenta\u00e7\u00e3o necess\u00e1ria por equipes t\u00e9cnicas da Funda\u00e7\u00e3o de Cultura e Turismo de Caruaru. Em seguida, haver\u00e1 a fase de an\u00e1lise art\u00edstica.<\/p>\n<p style=\"text-align: justify;\">Uma comiss\u00e3o de sele\u00e7\u00e3o de propostas do S\u00e3o Jo\u00e3o ficar\u00e1 respons\u00e1vel por pontuar e selecionar as propostas, respeitando a nota de corte e o crit\u00e9rio da maior para a menor nota. A Funda\u00e7\u00e3o de Cultura e Turismo de Caruaru designar\u00e1 os polos em que os artistas ir\u00e3o se apresentar. Esta comiss\u00e3o ser\u00e1 composta por quatro representantes indicados pelo poder p\u00fablico municipal e quatro representantes indicados pelo Conselho Municipal de Pol\u00edtica Cultural de Caruaru.<\/p>\n<p style=\"text-align: justify;\">A Funda\u00e7\u00e3o de Cultura e Turismo fica localizada na Rua Dr. Julio de Melo, n\u00famero 100, Nossa Senhora das Dores. O telefone para contato \u00e9 o (81) 3721-1257. O edital pode ser acessado no site https:\/\/caruaru.pe.gov.br\/.<\/p>\n<p>Foto: Arnaldo F\u00e9lix.<\/p>\n","protected":false},"excerpt":{"rendered":"<p>A Prefeitura de Caruaru lan\u00e7ou, nesta sexta-feira (31), um edital de chamamento p\u00fablico a n\u00edvel nacional para artistas interessados em&hellip;<\/p>\n","protected":false},"author":1,"featured_media":51370,"comment_status":"open","ping_status":"open","sticky":false,"template":"","format":"standard","meta":{"footnotes":""},"categories":[14120],"tags":[2,16881,17208],"class_list":["post-51369","post","type-post","status-publish","format-standard","has-post-thumbnail","hentry","category-noticias","tag-blog-do-edvaldo-magalhaes","tag-caruaru-e-regiao","tag-prefeitura-de-caruaru-recebe-propostas-de-artistas-para-a-programacao-do-sao-joao-2020"],"_links":{"self":[{"href":"https:\/\/blogdoedvaldomagalhaes.com.br\/index.php\/wp-json\/wp\/v2\/posts\/51369","targetHints":{"allow":["GET"]}}],"collection":[{"href":"https:\/\/blogdoedvaldomagalhaes.com.br\/index.php\/wp-json\/wp\/v2\/posts"}],"about":[{"href":"https:\/\/blogdoedvaldomagalhaes.com.br\/index.php\/wp-json\/wp\/v2\/types\/post"}],"author":[{"embeddable":true,"href":"https:\/\/blogdoedvaldomagalhaes.com.br\/index.php\/wp-json\/wp\/v2\/users\/1"}],"replies":[{"embeddable":true,"href":"https:\/\/blogdoedvaldomagalhaes.com.br\/index.php\/wp-json\/wp\/v2\/comments?post=51369"}],"version-history":[{"count":1,"href":"https:\/\/blogdoedvaldomagalhaes.com.br\/index.php\/wp-json\/wp\/v2\/posts\/51369\/revisions"}],"predecessor-version":[{"id":51371,"href":"https:\/\/blogdoedvaldomagalhaes.com.br\/index.php\/wp-json\/wp\/v2\/posts\/51369\/revisions\/51371"}],"wp:featuredmedia":[{"embeddable":true,"href":"https:\/\/blogdoedvaldomagalhaes.com.br\/index.php\/wp-json\/wp\/v2\/media\/51370"}],"wp:attachment":[{"href":"https:\/\/blogdoedvaldomagalhaes.com.br\/index.php\/wp-json\/wp\/v2\/media?parent=51369"}],"wp:term":[{"taxonomy":"category","embeddable":true,"href":"https:\/\/blogdoedvaldomagalhaes.com.br\/index.php\/wp-json\/wp\/v2\/categories?post=51369"},{"taxonomy":"post_tag","embeddable":true,"href":"https:\/\/blogdoedvaldomagalhaes.com.br\/index.php\/wp-json\/wp\/v2\/tags?post=51369"}],"curies":[{"name":"wp","href":"https:\/\/api.w.org\/{rel}","templated":true}]}}