{"id":51363,"date":"2020-01-31T16:19:02","date_gmt":"2020-01-31T19:19:02","guid":{"rendered":"http:\/\/blogdoedvaldomagalhaes.com.br\/?p=51363"},"modified":"2020-01-31T16:20:00","modified_gmt":"2020-01-31T19:20:00","slug":"secretaria-de-saude-de-caruaru-divulga-nota-sobre-o-coronavirus","status":"publish","type":"post","link":"https:\/\/blogdoedvaldomagalhaes.com.br\/index.php\/2020\/01\/31\/secretaria-de-saude-de-caruaru-divulga-nota-sobre-o-coronavirus\/","title":{"rendered":"Secretaria de Sa\u00fade de Caruaru divulga nota sobre o coronav\u00edrus"},"content":{"rendered":"<p style=\"text-align: justify;\"><span style=\"font-size: inherit;\">Nota Informativa: Coronav\u00edrus<\/span><\/p>\n<p style=\"text-align: justify;\">A Secretaria de Sa\u00fade de Caruaru ao tomar conhecimento por meio do Minist\u00e9rio da Sa\u00fade, no dia 22 de janeiro de 2020, sobre a situa\u00e7\u00e3o epidemiol\u00f3gica do novo coronav\u00edrus (COInCoV) no mundo, sinalizou para todas as unidades de sa\u00fade do munic\u00edpio a estrat\u00e9gia que est\u00e1 prevista no plano de enfrentamento municipal para epidemias de influenza e s\u00edndromes respirat\u00f3rias. Diante disso, a cidade de Caruaru possui profissionais capacitados e unidades sentinelas para o manejo cl\u00ednico e coletas de amostras biol\u00f3gicas de pacientes que apresentem sinais e sintomas dos agravos.<\/p>\n<p style=\"text-align: justify;\">O que \u00e9 o novo coronav\u00edrus?<\/p>\n<p style=\"text-align: justify;\">\u00c9 um novo v\u00edrus que tem causado doen\u00e7a respirat\u00f3ria pelo agente coronav\u00edrus, com casos recentemente registrados na China. Importante saber que os coronav\u00edrus s\u00e3o uma grande fam\u00edlia viral, conhecidos desde meados de 1960, que causam infec\u00e7\u00f5es respirat\u00f3rias em seres humanos e em animais. Geralmente, infec\u00e7\u00f5es por coronav\u00edrus causam doen\u00e7as respirat\u00f3rias leves a moderadas, semelhantes a um resfriado comum. Alguns coronav\u00edrus podem causar doen\u00e7as graves com impacto importante em termos de sa\u00fade p\u00fablica, como a S\u00edndrome Respirat\u00f3ria Aguda Grave (SARS), identificada em 2002 e a S\u00edndrome Respirat\u00f3ria do Oriente M\u00e9dio (MERS), identificada em 2012.<\/p>\n<p style=\"text-align: justify;\">Como \u00e9 feita a transmiss\u00e3o?<\/p>\n<p style=\"text-align: justify;\">A transmiss\u00e3o dos coronav\u00edrus costuma ocorrer pelo ar ou por contato pessoal com secre\u00e7\u00f5es contaminadas, como: got\u00edculas de saliva; espirro; tosse; catarro; contato pessoal pr\u00f3ximo, como toque ou aperto de m\u00e3o; contato com objetos ou superf\u00edcies contaminadas, seguido de contato com a boca, nariz ou olhos.<\/p>\n<p style=\"text-align: justify;\">Os coronav\u00edrus apresentam uma transmiss\u00e3o menos intensa que o v\u00edrus da gripe e, portanto, o risco de maior circula\u00e7\u00e3o mundial \u00e9 menor. O v\u00edrus pode ficar incubado por duas semanas, per\u00edodo em que os primeiros sintomas levam para aparecer desde a infec\u00e7\u00e3o.<\/p>\n<p style=\"text-align: justify;\">O que pode ser considerado um caso suspeito?<\/p>\n<p style=\"text-align: justify;\">Situa\u00e7\u00e3o 1: Pessoas com hist\u00f3rico de viagem para \u00e1rea com transmiss\u00e3o local, de acordo com a OMS, nos \u00faltimos 14 dias anteriores ao aparecimento dos sinais ou sintomas, que apresentem Febre e pelo menos um sinal ou sintoma respirat\u00f3rio (tosse, dificuldade para respirar);<\/p>\n<p style=\"text-align: justify;\">Situa\u00e7\u00e3o 2: Pessoas com hist\u00f3rico de contato com caso suspeito para o coronav\u00edrus (2019-nCoV), nos \u00faltimos 14 dias anteriores ao aparecimento dos sinais ou sintomas; que apresentem Febre e pelo menos um sinal ou sintoma respirat\u00f3rio (tosse, dificuldade para respirar);<\/p>\n<p style=\"text-align: justify;\">Situa\u00e7\u00e3o 3: Pessoas com contato pr\u00f3ximo de casos confirmado de coronav\u00edrus (2019-nCoV) em laborat\u00f3rio, nos \u00faltimos 14 dias anteriores ao aparecimento dos sinais ou sintomas. que apresentem Febre e pelo menos um sinal ou sintoma respirat\u00f3rio (tosse, dificuldade para respirar).<\/p>\n<p style=\"text-align: justify;\">Como se prevenir?<\/p>\n<p style=\"text-align: justify;\">Os cuidados b\u00e1sicos para reduzir o risco geral de contrair ou transmitir infec\u00e7\u00f5es respirat\u00f3rias agudas, incluindo o novo coronav\u00edrus. Entre as medidas est\u00e3o: evitar contato pr\u00f3ximo com pessoas que sofrem de infec\u00e7\u00f5es respirat\u00f3rias agudas; realizar lavagem frequente das m\u00e3os, especialmente ap\u00f3s contato direto com pessoas doentes ou com o meio ambiente; utilizar len\u00e7o descart\u00e1vel para higiene nasal; cobrir nariz e boca quando espirrar ou tossir; evitar tocar mucosas de olhos, nariz e boca; higienizar as m\u00e3os ap\u00f3s tossir ou espirrar; n\u00e3o compartilhar objetos de uso pessoal, como talheres, pratos, copos ou garrafas; manter os ambientes bem ventilados; evitar contato pr\u00f3ximo a pessoas que apresentem sinais ou sintomas da doen\u00e7a; evitar contato pr\u00f3ximo com animais selvagens e animais doentes em fazendas ou cria\u00e7\u00f5es.<\/p>\n<p style=\"text-align: justify;\">Profissionais de sa\u00fade devem utilizar medidas de precau\u00e7\u00e3o padr\u00e3o, de contato e de got\u00edculas (m\u00e1scara cir\u00fargica, luvas, avental n\u00e3o est\u00e9ril e \u00f3culos de prote\u00e7\u00e3o).<\/p>\n<p style=\"text-align: justify;\">Qualquer sinal e sintoma suspeito que preencha o crit\u00e9rio das situa\u00e7\u00f5es mencionadas acima, a pessoa deve se encaminhar para unidade de sa\u00fade mais pr\u00f3xima de sua resid\u00eancia.<\/p>\n","protected":false},"excerpt":{"rendered":"<p>Nota Informativa: Coronav\u00edrus A Secretaria de Sa\u00fade de Caruaru ao tomar conhecimento por meio do Minist\u00e9rio da Sa\u00fade, no dia&hellip;<\/p>\n","protected":false},"author":1,"featured_media":51364,"comment_status":"open","ping_status":"open","sticky":false,"template":"","format":"standard","meta":{"footnotes":""},"categories":[14120],"tags":[2,16881,17207],"class_list":["post-51363","post","type-post","status-publish","format-standard","has-post-thumbnail","hentry","category-noticias","tag-blog-do-edvaldo-magalhaes","tag-caruaru-e-regiao","tag-secretaria-de-saude-de-caruaru-divulga-nota-sobre-o-coronavirus"],"_links":{"self":[{"href":"https:\/\/blogdoedvaldomagalhaes.com.br\/index.php\/wp-json\/wp\/v2\/posts\/51363","targetHints":{"allow":["GET"]}}],"collection":[{"href":"https:\/\/blogdoedvaldomagalhaes.com.br\/index.php\/wp-json\/wp\/v2\/posts"}],"about":[{"href":"https:\/\/blogdoedvaldomagalhaes.com.br\/index.php\/wp-json\/wp\/v2\/types\/post"}],"author":[{"embeddable":true,"href":"https:\/\/blogdoedvaldomagalhaes.com.br\/index.php\/wp-json\/wp\/v2\/users\/1"}],"replies":[{"embeddable":true,"href":"https:\/\/blogdoedvaldomagalhaes.com.br\/index.php\/wp-json\/wp\/v2\/comments?post=51363"}],"version-history":[{"count":2,"href":"https:\/\/blogdoedvaldomagalhaes.com.br\/index.php\/wp-json\/wp\/v2\/posts\/51363\/revisions"}],"predecessor-version":[{"id":51366,"href":"https:\/\/blogdoedvaldomagalhaes.com.br\/index.php\/wp-json\/wp\/v2\/posts\/51363\/revisions\/51366"}],"wp:featuredmedia":[{"embeddable":true,"href":"https:\/\/blogdoedvaldomagalhaes.com.br\/index.php\/wp-json\/wp\/v2\/media\/51364"}],"wp:attachment":[{"href":"https:\/\/blogdoedvaldomagalhaes.com.br\/index.php\/wp-json\/wp\/v2\/media?parent=51363"}],"wp:term":[{"taxonomy":"category","embeddable":true,"href":"https:\/\/blogdoedvaldomagalhaes.com.br\/index.php\/wp-json\/wp\/v2\/categories?post=51363"},{"taxonomy":"post_tag","embeddable":true,"href":"https:\/\/blogdoedvaldomagalhaes.com.br\/index.php\/wp-json\/wp\/v2\/tags?post=51363"}],"curies":[{"name":"wp","href":"https:\/\/api.w.org\/{rel}","templated":true}]}}