{"id":51352,"date":"2020-01-31T15:57:27","date_gmt":"2020-01-31T18:57:27","guid":{"rendered":"http:\/\/blogdoedvaldomagalhaes.com.br\/?p=51352"},"modified":"2020-01-31T16:41:20","modified_gmt":"2020-01-31T19:41:20","slug":"mario-heitor-se-despede-da-gerencia-regional-da-compesa-em-caruaru","status":"publish","type":"post","link":"https:\/\/blogdoedvaldomagalhaes.com.br\/index.php\/2020\/01\/31\/mario-heitor-se-despede-da-gerencia-regional-da-compesa-em-caruaru\/","title":{"rendered":"M\u00e1rio Heitor se despede da Ger\u00eancia Regional da Compesa em Caruaru"},"content":{"rendered":"<p style=\"text-align: justify;\">Nesta sexta-feira (31), acontece a despedida do engenheiro civil e especialista em engenharia de saneamento b\u00e1sico e ambiental, M\u00e1rio Heitor da Ger\u00eancia de Unidade de Neg\u00f3cios Regional Agreste Central, em Caruaru.\u00a0 E na tarde dessa quinta-feira (30), os funcion\u00e1rios da Compesa, fizeram uma despedida surpresa para o gestor.<\/p>\n<p style=\"text-align: justify;\">&#8220;E foi assim a despedida surpresa!!<br \/>Agrade\u00e7o a todos da GNR Agreste Central pelo carinho e dedica\u00e7\u00e3o ao longo de todos estes anos. Deixo grandes amigos que cultivei nas duas passagens pela ger\u00eancia, portanto n\u00e3o me despe\u00e7o, deixo um at\u00e9 logo, na certeza que nos encontraremos em um futuro pr\u00f3ximo. Um grande abra\u00e7o a todos que fazem parte da GNR AC. @ Eta Salgado &#8211; Compesa&#8221;, falou M\u00e1rio Heitor.\u00a0<\/p>\n<p style=\"text-align: justify;\">M\u00e1rio Heitor Filho, assumiu a Ger\u00eancia de Neg\u00f3cios Regional da Compesa em Caruaru, no dia 02 de fevereiro de 2017, ficando no cargo at\u00e9 esta sexta-feira (31), e nesta segunda-feira (03), assumir\u00e1 a Ger\u00eancia Metropolitana em Recife. M\u00e1rio j\u00e1 esteve \u00e0 frente da regional do Alto Capibaribe, sediada em Santa Cruz do Capibaribe, tamb\u00e9m no Agreste pernambucano.<\/p>\n<p style=\"text-align: justify;\">M\u00e1rio Heitor ser\u00e1\u00a0 substitu\u00eddo pelo engenheiro Jo\u00e3o Raphael de Queiroz, que j\u00e1 trabalhou em Caruaru e estava na Unidade de Neg\u00f3cios da Compesa em Petrolina, onde ser\u00e1 substitu\u00eddo por Marcelo Andr\u00e9 Ramos Guimar\u00e3es de Oliveira, que estava na Regi\u00e3o Metropolitana do Recife (RMR).<\/p>\n\n\n<figure class=\"wp-block-image size-large\"><img loading=\"lazy\" decoding=\"async\" width=\"1024\" height=\"1024\" src=\"http:\/\/blogdoedvaldomagalhaes.com.br\/wp-content\/uploads\/2020\/01\/FB_IMG_1580496431268-1024x1024.jpg\" alt=\"\" class=\"wp-image-51356\" srcset=\"https:\/\/blogdoedvaldomagalhaes.com.br\/wp-content\/uploads\/2020\/01\/FB_IMG_1580496431268-1024x1024.jpg 1024w, https:\/\/blogdoedvaldomagalhaes.com.br\/wp-content\/uploads\/2020\/01\/FB_IMG_1580496431268-300x300.jpg 300w, https:\/\/blogdoedvaldomagalhaes.com.br\/wp-content\/uploads\/2020\/01\/FB_IMG_1580496431268-150x150.jpg 150w, https:\/\/blogdoedvaldomagalhaes.com.br\/wp-content\/uploads\/2020\/01\/FB_IMG_1580496431268-768x768.jpg 768w, https:\/\/blogdoedvaldomagalhaes.com.br\/wp-content\/uploads\/2020\/01\/FB_IMG_1580496431268.jpg 1080w\" sizes=\"auto, (max-width: 1024px) 100vw, 1024px\" \/><\/figure>\n\n\n\n<figure class=\"wp-block-image size-large\"><img loading=\"lazy\" decoding=\"async\" width=\"1024\" height=\"1024\" src=\"http:\/\/blogdoedvaldomagalhaes.com.br\/wp-content\/uploads\/2020\/01\/FB_IMG_1580496434509-1024x1024.jpg\" alt=\"\" class=\"wp-image-51357\" srcset=\"https:\/\/blogdoedvaldomagalhaes.com.br\/wp-content\/uploads\/2020\/01\/FB_IMG_1580496434509-1024x1024.jpg 1024w, https:\/\/blogdoedvaldomagalhaes.com.br\/wp-content\/uploads\/2020\/01\/FB_IMG_1580496434509-300x300.jpg 300w, https:\/\/blogdoedvaldomagalhaes.com.br\/wp-content\/uploads\/2020\/01\/FB_IMG_1580496434509-150x150.jpg 150w, https:\/\/blogdoedvaldomagalhaes.com.br\/wp-content\/uploads\/2020\/01\/FB_IMG_1580496434509-768x768.jpg 768w, https:\/\/blogdoedvaldomagalhaes.com.br\/wp-content\/uploads\/2020\/01\/FB_IMG_1580496434509.jpg 1080w\" sizes=\"auto, (max-width: 1024px) 100vw, 1024px\" \/><\/figure>\n\n\n\n<figure class=\"wp-block-image size-large\"><img loading=\"lazy\" decoding=\"async\" width=\"1024\" height=\"1024\" src=\"http:\/\/blogdoedvaldomagalhaes.com.br\/wp-content\/uploads\/2020\/01\/FB_IMG_1580496421787-1024x1024.jpg\" alt=\"\" class=\"wp-image-51358\" srcset=\"https:\/\/blogdoedvaldomagalhaes.com.br\/wp-content\/uploads\/2020\/01\/FB_IMG_1580496421787-1024x1024.jpg 1024w, https:\/\/blogdoedvaldomagalhaes.com.br\/wp-content\/uploads\/2020\/01\/FB_IMG_1580496421787-300x300.jpg 300w, https:\/\/blogdoedvaldomagalhaes.com.br\/wp-content\/uploads\/2020\/01\/FB_IMG_1580496421787-150x150.jpg 150w, https:\/\/blogdoedvaldomagalhaes.com.br\/wp-content\/uploads\/2020\/01\/FB_IMG_1580496421787-768x768.jpg 768w, https:\/\/blogdoedvaldomagalhaes.com.br\/wp-content\/uploads\/2020\/01\/FB_IMG_1580496421787.jpg 1080w\" sizes=\"auto, (max-width: 1024px) 100vw, 1024px\" \/><\/figure>\n\n\n\n<figure class=\"wp-block-image size-large\"><img loading=\"lazy\" decoding=\"async\" width=\"1024\" height=\"1024\" src=\"http:\/\/blogdoedvaldomagalhaes.com.br\/wp-content\/uploads\/2020\/01\/FB_IMG_1580496413450-1024x1024.jpg\" alt=\"\" class=\"wp-image-51359\" srcset=\"https:\/\/blogdoedvaldomagalhaes.com.br\/wp-content\/uploads\/2020\/01\/FB_IMG_1580496413450-1024x1024.jpg 1024w, https:\/\/blogdoedvaldomagalhaes.com.br\/wp-content\/uploads\/2020\/01\/FB_IMG_1580496413450-300x300.jpg 300w, https:\/\/blogdoedvaldomagalhaes.com.br\/wp-content\/uploads\/2020\/01\/FB_IMG_1580496413450-150x150.jpg 150w, https:\/\/blogdoedvaldomagalhaes.com.br\/wp-content\/uploads\/2020\/01\/FB_IMG_1580496413450-768x768.jpg 768w, https:\/\/blogdoedvaldomagalhaes.com.br\/wp-content\/uploads\/2020\/01\/FB_IMG_1580496413450.jpg 1080w\" sizes=\"auto, (max-width: 1024px) 100vw, 1024px\" \/><\/figure>\n\n\n\n<figure class=\"wp-block-image size-large\"><img loading=\"lazy\" decoding=\"async\" width=\"605\" height=\"605\" src=\"http:\/\/blogdoedvaldomagalhaes.com.br\/wp-content\/uploads\/2020\/01\/FB_IMG_1580496442011.jpg\" alt=\"\" class=\"wp-image-51360\" srcset=\"https:\/\/blogdoedvaldomagalhaes.com.br\/wp-content\/uploads\/2020\/01\/FB_IMG_1580496442011.jpg 605w, https:\/\/blogdoedvaldomagalhaes.com.br\/wp-content\/uploads\/2020\/01\/FB_IMG_1580496442011-300x300.jpg 300w, https:\/\/blogdoedvaldomagalhaes.com.br\/wp-content\/uploads\/2020\/01\/FB_IMG_1580496442011-150x150.jpg 150w\" sizes=\"auto, (max-width: 605px) 100vw, 605px\" \/><\/figure>\n\n\n\n<figure class=\"wp-block-image size-large\"><img loading=\"lazy\" decoding=\"async\" width=\"1024\" height=\"1024\" src=\"http:\/\/blogdoedvaldomagalhaes.com.br\/wp-content\/uploads\/2020\/01\/FB_IMG_1580496427774-1024x1024.jpg\" alt=\"\" class=\"wp-image-51361\" srcset=\"https:\/\/blogdoedvaldomagalhaes.com.br\/wp-content\/uploads\/2020\/01\/FB_IMG_1580496427774-1024x1024.jpg 1024w, https:\/\/blogdoedvaldomagalhaes.com.br\/wp-content\/uploads\/2020\/01\/FB_IMG_1580496427774-300x300.jpg 300w, https:\/\/blogdoedvaldomagalhaes.com.br\/wp-content\/uploads\/2020\/01\/FB_IMG_1580496427774-150x150.jpg 150w, https:\/\/blogdoedvaldomagalhaes.com.br\/wp-content\/uploads\/2020\/01\/FB_IMG_1580496427774-768x768.jpg 768w, https:\/\/blogdoedvaldomagalhaes.com.br\/wp-content\/uploads\/2020\/01\/FB_IMG_1580496427774.jpg 1080w\" sizes=\"auto, (max-width: 1024px) 100vw, 1024px\" \/><\/figure>\n","protected":false},"excerpt":{"rendered":"<p>Nesta sexta-feira (31), acontece a despedida do engenheiro civil e especialista em engenharia de saneamento b\u00e1sico e ambiental, M\u00e1rio Heitor&hellip;<\/p>\n","protected":false},"author":1,"featured_media":51353,"comment_status":"open","ping_status":"open","sticky":false,"template":"","format":"standard","meta":{"footnotes":""},"categories":[14120],"tags":[2,16881,17206],"class_list":["post-51352","post","type-post","status-publish","format-standard","has-post-thumbnail","hentry","category-noticias","tag-blog-do-edvaldo-magalhaes","tag-caruaru-e-regiao","tag-mario-heitor-se-despede-da-gerencia-regional-da-compesa-em-caruaru"],"_links":{"self":[{"href":"https:\/\/blogdoedvaldomagalhaes.com.br\/index.php\/wp-json\/wp\/v2\/posts\/51352","targetHints":{"allow":["GET"]}}],"collection":[{"href":"https:\/\/blogdoedvaldomagalhaes.com.br\/index.php\/wp-json\/wp\/v2\/posts"}],"about":[{"href":"https:\/\/blogdoedvaldomagalhaes.com.br\/index.php\/wp-json\/wp\/v2\/types\/post"}],"author":[{"embeddable":true,"href":"https:\/\/blogdoedvaldomagalhaes.com.br\/index.php\/wp-json\/wp\/v2\/users\/1"}],"replies":[{"embeddable":true,"href":"https:\/\/blogdoedvaldomagalhaes.com.br\/index.php\/wp-json\/wp\/v2\/comments?post=51352"}],"version-history":[{"count":4,"href":"https:\/\/blogdoedvaldomagalhaes.com.br\/index.php\/wp-json\/wp\/v2\/posts\/51352\/revisions"}],"predecessor-version":[{"id":51368,"href":"https:\/\/blogdoedvaldomagalhaes.com.br\/index.php\/wp-json\/wp\/v2\/posts\/51352\/revisions\/51368"}],"wp:featuredmedia":[{"embeddable":true,"href":"https:\/\/blogdoedvaldomagalhaes.com.br\/index.php\/wp-json\/wp\/v2\/media\/51353"}],"wp:attachment":[{"href":"https:\/\/blogdoedvaldomagalhaes.com.br\/index.php\/wp-json\/wp\/v2\/media?parent=51352"}],"wp:term":[{"taxonomy":"category","embeddable":true,"href":"https:\/\/blogdoedvaldomagalhaes.com.br\/index.php\/wp-json\/wp\/v2\/categories?post=51352"},{"taxonomy":"post_tag","embeddable":true,"href":"https:\/\/blogdoedvaldomagalhaes.com.br\/index.php\/wp-json\/wp\/v2\/tags?post=51352"}],"curies":[{"name":"wp","href":"https:\/\/api.w.org\/{rel}","templated":true}]}}