{"id":51346,"date":"2020-01-31T15:05:58","date_gmt":"2020-01-31T18:05:58","guid":{"rendered":"http:\/\/blogdoedvaldomagalhaes.com.br\/?p=51346"},"modified":"2020-01-31T15:10:40","modified_gmt":"2020-01-31T18:10:40","slug":"hra-divulga-dados-de-atendimentos-2019","status":"publish","type":"post","link":"https:\/\/blogdoedvaldomagalhaes.com.br\/index.php\/2020\/01\/31\/hra-divulga-dados-de-atendimentos-2019\/","title":{"rendered":"HRA divulga dados de atendimentos 2019"},"content":{"rendered":"<p style=\"text-align: justify;\" align=\"center\"><span style=\"font-family: Verdana, sans-serif; font-size: inherit;\"><b>N<\/b>a manh\u00e3 desta sexta-feira (31), a dire\u00e7\u00e3o do Hospital Regional do Agreste (HRA) apresentou \u00e0 imprensa os dados dos atendimentos realizados em 2019. Foram divulgados os n\u00fameros de cirurgias de urg\u00eancia\/emerg\u00eancia; atendimento emergencial, ambulatorial, do n\u00facleo de reabilita\u00e7\u00e3o e do centro de imagens; v\u00edtimas de acidentes de tr\u00e2nsito, al\u00e9m da aquisi\u00e7\u00e3o de aparelhos e implanta\u00e7\u00e3o\/contrata\u00e7\u00e3o de servi\u00e7os para a unidade.<\/span><\/p>\n<p style=\"text-align: justify;\" align=\"justify\"><span style=\"font-family: Verdana, sans-serif;\">O total geral foi de 132.466 atendimentos, sendo mais de 5 mil cirurgias, com destaque para a ortopedia\/traumatologia, com 3.579 procedimentos cir\u00fargicos, 8.722 atendimentos de emerg\u00eancia e 7.053 consultas ambulatoriais. Outra \u00e1rea com grande destaque \u00e9 a odontologia com trauma bucomaxilofacial, refer\u00eancia para o interior do estado, que registrou cerca de 1.500 procedimentos. Os acidentes de tr\u00e2nsito s\u00e3o respons\u00e1veis pela maior demanda do HRA, onde 3.515 pessoas deram entrada na unidade com algum tipo de trauma; destas, 2.887 foram v\u00edtimas de acidentes envolvendo motocicletas. \u201cA popula\u00e7\u00e3o precisa ter consci\u00eancia de que muitos acidentes s\u00e3o causados por imprud\u00eancia, seja a falta do uso do equipamento de seguran\u00e7a ou pela ingest\u00e3o de bebida alco\u00f3lica ao pilotar ou dirigir. Se n\u00f3s consegu\u00edssemos reduzir estes n\u00fameros, a demanda do HRA seria menor e poder\u00edamos atender mais rapidamente outros tipos de traumas\u201d, explicou Dr. Pedro Melo, diretor m\u00e9dico.<\/span><\/p>\n<p style=\"text-align: justify;\" align=\"justify\"><span style=\"font-family: Verdana, sans-serif;\">Al\u00e9m dos n\u00fameros de atendimento, Dr. Pedro Lima, diretor da unidade, apresentou os avan\u00e7os e melhorias que foram realizadas, como a aquisi\u00e7\u00e3o de novos equipamentos, manuten\u00e7\u00e3o e capacita\u00e7\u00e3o dos colaboradores. \u201cSabemos que ainda precisamos avan\u00e7ar, mas as a\u00e7\u00f5es j\u00e1 executadas trouxeram muitos ganhos para o hospital. A implanta\u00e7\u00e3o do novo centro de imagens, com tom\u00f3grafo, fez com que muitos pacientes n\u00e3o precisassem de transfer\u00eancia para realiza\u00e7\u00e3o de exames. Outro ponto importante \u00e9 a capacita\u00e7\u00e3o e o refor\u00e7o na equipe, pois o Governo do Estado sempre contempla o HRA com novos m\u00e9dicos, al\u00e9m de profissionais de outras \u00e1reas. Conseguimos, tamb\u00e9m, ampliar os processos licitat\u00f3rios para a aquisi\u00e7\u00e3o de medicamentos e insumos. Em 2020, investiremos ainda mais na estrutura f\u00edsica para aumentar a qualidade do nosso atendimento\u201d, explicou.<\/span><\/p>\n\n\n<figure class=\"wp-block-image size-large\"><img loading=\"lazy\" decoding=\"async\" width=\"1024\" height=\"622\" src=\"http:\/\/blogdoedvaldomagalhaes.com.br\/wp-content\/uploads\/2020\/01\/IMG-20200131-WA0017-1024x622.jpg\" alt=\"\" class=\"wp-image-51349\" srcset=\"https:\/\/blogdoedvaldomagalhaes.com.br\/wp-content\/uploads\/2020\/01\/IMG-20200131-WA0017-1024x622.jpg 1024w, https:\/\/blogdoedvaldomagalhaes.com.br\/wp-content\/uploads\/2020\/01\/IMG-20200131-WA0017-300x182.jpg 300w, https:\/\/blogdoedvaldomagalhaes.com.br\/wp-content\/uploads\/2020\/01\/IMG-20200131-WA0017-768x466.jpg 768w, https:\/\/blogdoedvaldomagalhaes.com.br\/wp-content\/uploads\/2020\/01\/IMG-20200131-WA0017.jpg 1280w\" sizes=\"auto, (max-width: 1024px) 100vw, 1024px\" \/><\/figure>\n","protected":false},"excerpt":{"rendered":"<p>Na manh\u00e3 desta sexta-feira (31), a dire\u00e7\u00e3o do Hospital Regional do Agreste (HRA) apresentou \u00e0 imprensa os dados dos atendimentos&hellip;<\/p>\n","protected":false},"author":1,"featured_media":51347,"comment_status":"open","ping_status":"open","sticky":false,"template":"","format":"standard","meta":{"footnotes":""},"categories":[14120],"tags":[2,16881,17202],"class_list":["post-51346","post","type-post","status-publish","format-standard","has-post-thumbnail","hentry","category-noticias","tag-blog-do-edvaldo-magalhaes","tag-caruaru-e-regiao","tag-hra-divulga-dados-de-atendimentos-2019"],"_links":{"self":[{"href":"https:\/\/blogdoedvaldomagalhaes.com.br\/index.php\/wp-json\/wp\/v2\/posts\/51346","targetHints":{"allow":["GET"]}}],"collection":[{"href":"https:\/\/blogdoedvaldomagalhaes.com.br\/index.php\/wp-json\/wp\/v2\/posts"}],"about":[{"href":"https:\/\/blogdoedvaldomagalhaes.com.br\/index.php\/wp-json\/wp\/v2\/types\/post"}],"author":[{"embeddable":true,"href":"https:\/\/blogdoedvaldomagalhaes.com.br\/index.php\/wp-json\/wp\/v2\/users\/1"}],"replies":[{"embeddable":true,"href":"https:\/\/blogdoedvaldomagalhaes.com.br\/index.php\/wp-json\/wp\/v2\/comments?post=51346"}],"version-history":[{"count":3,"href":"https:\/\/blogdoedvaldomagalhaes.com.br\/index.php\/wp-json\/wp\/v2\/posts\/51346\/revisions"}],"predecessor-version":[{"id":51351,"href":"https:\/\/blogdoedvaldomagalhaes.com.br\/index.php\/wp-json\/wp\/v2\/posts\/51346\/revisions\/51351"}],"wp:featuredmedia":[{"embeddable":true,"href":"https:\/\/blogdoedvaldomagalhaes.com.br\/index.php\/wp-json\/wp\/v2\/media\/51347"}],"wp:attachment":[{"href":"https:\/\/blogdoedvaldomagalhaes.com.br\/index.php\/wp-json\/wp\/v2\/media?parent=51346"}],"wp:term":[{"taxonomy":"category","embeddable":true,"href":"https:\/\/blogdoedvaldomagalhaes.com.br\/index.php\/wp-json\/wp\/v2\/categories?post=51346"},{"taxonomy":"post_tag","embeddable":true,"href":"https:\/\/blogdoedvaldomagalhaes.com.br\/index.php\/wp-json\/wp\/v2\/tags?post=51346"}],"curies":[{"name":"wp","href":"https:\/\/api.w.org\/{rel}","templated":true}]}}