{"id":51334,"date":"2020-01-30T20:45:57","date_gmt":"2020-01-30T23:45:57","guid":{"rendered":"http:\/\/blogdoedvaldomagalhaes.com.br\/?p=51334"},"modified":"2020-01-31T08:17:10","modified_gmt":"2020-01-31T11:17:10","slug":"homem-e-assassinado-a-tiros-dentro-de-bar-em-caruaru","status":"publish","type":"post","link":"https:\/\/blogdoedvaldomagalhaes.com.br\/index.php\/2020\/01\/30\/homem-e-assassinado-a-tiros-dentro-de-bar-em-caruaru\/","title":{"rendered":"Homem \u00e9 assassinado a tiros dentro de bar em Caruaru"},"content":{"rendered":"<p style=\"text-align: justify;\">O homicidio foi registrado na noite desta quinta-feira (30), em um bar na rua M\u00e1rio Sete, no bairro Salgado, em Caruaru. Segundo informa\u00e7\u00f5es de populares, dois indiv\u00edduos chegaram em uma motocicleta e efetuaram 21 disparos de arma de fogo contra Josenildo Manoel da Silva Filho, conhecido como Nildinho, de 26 anos de idade, que residia na rua Carlos Santiago Queiroz, no mesmo bairro que morreu.<\/p>\n<p>Este foi o 11\u00b0 homicidio no ano de 2020, em Caruaru.<\/p>\n<p>Foto: Reprodu\u00e7\u00e3o\/WhatsApp.<\/p>\n\n\n<figure class=\"wp-block-image size-large\"><img loading=\"lazy\" decoding=\"async\" width=\"720\" height=\"734\" src=\"http:\/\/blogdoedvaldomagalhaes.com.br\/wp-content\/uploads\/2020\/01\/IMG-20200130-WA0180.jpg\" alt=\"\" class=\"wp-image-51339\" srcset=\"https:\/\/blogdoedvaldomagalhaes.com.br\/wp-content\/uploads\/2020\/01\/IMG-20200130-WA0180.jpg 720w, https:\/\/blogdoedvaldomagalhaes.com.br\/wp-content\/uploads\/2020\/01\/IMG-20200130-WA0180-294x300.jpg 294w\" sizes=\"auto, (max-width: 720px) 100vw, 720px\" \/><figcaption>V\u00edtima<\/figcaption><\/figure>\n","protected":false},"excerpt":{"rendered":"<p>O homicidio foi registrado na noite desta quinta-feira (30), em um bar na rua M\u00e1rio Sete, no bairro Salgado, em&hellip;<\/p>\n","protected":false},"author":1,"featured_media":51335,"comment_status":"open","ping_status":"open","sticky":false,"template":"","format":"standard","meta":{"footnotes":""},"categories":[14121],"tags":[2,16881,17200],"class_list":["post-51334","post","type-post","status-publish","format-standard","has-post-thumbnail","hentry","category-policial","tag-blog-do-edvaldo-magalhaes","tag-caruaru-e-regiao","tag-homem-e-assassinado-a-tiros-dentro-de-bar-em-caruaru"],"_links":{"self":[{"href":"https:\/\/blogdoedvaldomagalhaes.com.br\/index.php\/wp-json\/wp\/v2\/posts\/51334","targetHints":{"allow":["GET"]}}],"collection":[{"href":"https:\/\/blogdoedvaldomagalhaes.com.br\/index.php\/wp-json\/wp\/v2\/posts"}],"about":[{"href":"https:\/\/blogdoedvaldomagalhaes.com.br\/index.php\/wp-json\/wp\/v2\/types\/post"}],"author":[{"embeddable":true,"href":"https:\/\/blogdoedvaldomagalhaes.com.br\/index.php\/wp-json\/wp\/v2\/users\/1"}],"replies":[{"embeddable":true,"href":"https:\/\/blogdoedvaldomagalhaes.com.br\/index.php\/wp-json\/wp\/v2\/comments?post=51334"}],"version-history":[{"count":5,"href":"https:\/\/blogdoedvaldomagalhaes.com.br\/index.php\/wp-json\/wp\/v2\/posts\/51334\/revisions"}],"predecessor-version":[{"id":51342,"href":"https:\/\/blogdoedvaldomagalhaes.com.br\/index.php\/wp-json\/wp\/v2\/posts\/51334\/revisions\/51342"}],"wp:featuredmedia":[{"embeddable":true,"href":"https:\/\/blogdoedvaldomagalhaes.com.br\/index.php\/wp-json\/wp\/v2\/media\/51335"}],"wp:attachment":[{"href":"https:\/\/blogdoedvaldomagalhaes.com.br\/index.php\/wp-json\/wp\/v2\/media?parent=51334"}],"wp:term":[{"taxonomy":"category","embeddable":true,"href":"https:\/\/blogdoedvaldomagalhaes.com.br\/index.php\/wp-json\/wp\/v2\/categories?post=51334"},{"taxonomy":"post_tag","embeddable":true,"href":"https:\/\/blogdoedvaldomagalhaes.com.br\/index.php\/wp-json\/wp\/v2\/tags?post=51334"}],"curies":[{"name":"wp","href":"https:\/\/api.w.org\/{rel}","templated":true}]}}