{"id":51328,"date":"2020-01-30T18:16:18","date_gmt":"2020-01-30T21:16:18","guid":{"rendered":"http:\/\/blogdoedvaldomagalhaes.com.br\/?p=51328"},"modified":"2020-01-30T18:16:26","modified_gmt":"2020-01-30T21:16:26","slug":"sesc-realiza-acoes-gratuitas-de-saude-em-caruaru-sexta-31-e-segunda-3","status":"publish","type":"post","link":"https:\/\/blogdoedvaldomagalhaes.com.br\/index.php\/2020\/01\/30\/sesc-realiza-acoes-gratuitas-de-saude-em-caruaru-sexta-31-e-segunda-3\/","title":{"rendered":"Sesc realiza a\u00e7\u00f5es gratuitas de sa\u00fade em Caruaru sexta (31) e segunda (3)"},"content":{"rendered":"<p style=\"text-align: justify;\"><span style=\"font-size: inherit;\">O Sesc realiza nesta sexta (31\/01) e na segunda (03\/02) a\u00e7\u00f5es gratuitas de sa\u00fade e beleza em Caruaru, numa parceria com o Senac. A primeira ser\u00e1 na Via Parque, \u00e1rea de lazer que fica na Avenida Rui Barbosa, no centro da cidade, das 18h30 \u00e0s 21h; a segunda ser\u00e1 em frente ao Sesc Caruaru para atender os frequentadores da Feira da Sulanca, das 8h \u00e0s 11h.<\/span><\/p>\n<p style=\"text-align: justify;\">Durante as a\u00e7\u00f5es, ser\u00e3o oferecidas aferi\u00e7\u00e3o de press\u00e3o, teste de glicemia, orienta\u00e7\u00f5es sobre a preven\u00e7\u00e3o de infec\u00e7\u00f5es sexualmente transmiss\u00edveis (IST) e distribui\u00e7\u00e3o de preservativos masculinos. Tamb\u00e9m ser\u00e3o realizados corte de cabelo e design de sobrancelha.<\/p>\n<p style=\"text-align: justify;\">O Sesc e o Senac tamb\u00e9m far\u00e3o a divulga\u00e7\u00e3o dos servi\u00e7os das duas institui\u00e7\u00f5es ao p\u00fablico. \u201cEsta \u00e9 uma maneira de apresentar todos os servi\u00e7os que as institui\u00e7\u00f5es t\u00eam para os caruaruenses e cidades vizinhas, e tamb\u00e9m uma forma de promover um momento de bem-estar e qualidade de vida para o p\u00fablico\u201d, informa Concei\u00e7\u00e3o de Paulo, assistente social do Sesc Caruaru.<\/p>\n","protected":false},"excerpt":{"rendered":"<p>O Sesc realiza nesta sexta (31\/01) e na segunda (03\/02) a\u00e7\u00f5es gratuitas de sa\u00fade e beleza em Caruaru, numa parceria&hellip;<\/p>\n","protected":false},"author":1,"featured_media":51329,"comment_status":"open","ping_status":"open","sticky":false,"template":"","format":"standard","meta":{"footnotes":""},"categories":[14120],"tags":[2,16881,17198],"class_list":["post-51328","post","type-post","status-publish","format-standard","has-post-thumbnail","hentry","category-noticias","tag-blog-do-edvaldo-magalhaes","tag-caruaru-e-regiao","tag-sesc-realiza-acoes-gratuitas-de-saude-em-caruaru-sexta-31-e-segunda-3"],"_links":{"self":[{"href":"https:\/\/blogdoedvaldomagalhaes.com.br\/index.php\/wp-json\/wp\/v2\/posts\/51328","targetHints":{"allow":["GET"]}}],"collection":[{"href":"https:\/\/blogdoedvaldomagalhaes.com.br\/index.php\/wp-json\/wp\/v2\/posts"}],"about":[{"href":"https:\/\/blogdoedvaldomagalhaes.com.br\/index.php\/wp-json\/wp\/v2\/types\/post"}],"author":[{"embeddable":true,"href":"https:\/\/blogdoedvaldomagalhaes.com.br\/index.php\/wp-json\/wp\/v2\/users\/1"}],"replies":[{"embeddable":true,"href":"https:\/\/blogdoedvaldomagalhaes.com.br\/index.php\/wp-json\/wp\/v2\/comments?post=51328"}],"version-history":[{"count":1,"href":"https:\/\/blogdoedvaldomagalhaes.com.br\/index.php\/wp-json\/wp\/v2\/posts\/51328\/revisions"}],"predecessor-version":[{"id":51330,"href":"https:\/\/blogdoedvaldomagalhaes.com.br\/index.php\/wp-json\/wp\/v2\/posts\/51328\/revisions\/51330"}],"wp:featuredmedia":[{"embeddable":true,"href":"https:\/\/blogdoedvaldomagalhaes.com.br\/index.php\/wp-json\/wp\/v2\/media\/51329"}],"wp:attachment":[{"href":"https:\/\/blogdoedvaldomagalhaes.com.br\/index.php\/wp-json\/wp\/v2\/media?parent=51328"}],"wp:term":[{"taxonomy":"category","embeddable":true,"href":"https:\/\/blogdoedvaldomagalhaes.com.br\/index.php\/wp-json\/wp\/v2\/categories?post=51328"},{"taxonomy":"post_tag","embeddable":true,"href":"https:\/\/blogdoedvaldomagalhaes.com.br\/index.php\/wp-json\/wp\/v2\/tags?post=51328"}],"curies":[{"name":"wp","href":"https:\/\/api.w.org\/{rel}","templated":true}]}}