{"id":51318,"date":"2020-01-30T14:40:40","date_gmt":"2020-01-30T17:40:40","guid":{"rendered":"http:\/\/blogdoedvaldomagalhaes.com.br\/?p=51318"},"modified":"2020-01-30T14:40:44","modified_gmt":"2020-01-30T17:40:44","slug":"raquel-lyra-prestigia-posse-da-procuradora-geral-do-misterio-publico-de-contas","status":"publish","type":"post","link":"https:\/\/blogdoedvaldomagalhaes.com.br\/index.php\/2020\/01\/30\/raquel-lyra-prestigia-posse-da-procuradora-geral-do-misterio-publico-de-contas\/","title":{"rendered":"Raquel Lyra prestigia posse da procuradora-geral do Mist\u00e9rio P\u00fablico de Contas"},"content":{"rendered":"<p style=\"text-align: justify;\"><span style=\"font-size: inherit;\">A prefeita de Caruaru, Raquel Lyra, esteve presente, na manh\u00e3 desta quinta-feira (30), na posse de Germana Laureano, que foi reconduzida ao cargo de procuradora-geral do Minist\u00e9rio P\u00fablico de Contas (MPCO). A solenidade foi realizada na sede do Tribunal de Contas do Estado, no Recife.<\/span><\/p>\n<p style=\"text-align: justify;\">Raquel Lyra desejou sorte e ressaltou a import\u00e2ncia de Germana na condu\u00e7\u00e3o do MPCO. \u201cUma mulher firme, que vai conduzir o cargo, mais uma vez, com seriedade e compet\u00eancia\u201d, falou a prefeita. Germana foi reconduzida ao cargo para o bi\u00eanio 2020\/2021.<\/p>\n","protected":false},"excerpt":{"rendered":"<p>A prefeita de Caruaru, Raquel Lyra, esteve presente, na manh\u00e3 desta quinta-feira (30), na posse de Germana Laureano, que foi&hellip;<\/p>\n","protected":false},"author":1,"featured_media":51319,"comment_status":"open","ping_status":"open","sticky":false,"template":"","format":"standard","meta":{"footnotes":""},"categories":[14122],"tags":[2,16881,17196],"class_list":["post-51318","post","type-post","status-publish","format-standard","has-post-thumbnail","hentry","category-politica","tag-blog-do-edvaldo-magalhaes","tag-caruaru-e-regiao","tag-raquel-lyra-prestigia-posse-da-procuradora-geral-do-misterio-publico-de-contas"],"_links":{"self":[{"href":"https:\/\/blogdoedvaldomagalhaes.com.br\/index.php\/wp-json\/wp\/v2\/posts\/51318","targetHints":{"allow":["GET"]}}],"collection":[{"href":"https:\/\/blogdoedvaldomagalhaes.com.br\/index.php\/wp-json\/wp\/v2\/posts"}],"about":[{"href":"https:\/\/blogdoedvaldomagalhaes.com.br\/index.php\/wp-json\/wp\/v2\/types\/post"}],"author":[{"embeddable":true,"href":"https:\/\/blogdoedvaldomagalhaes.com.br\/index.php\/wp-json\/wp\/v2\/users\/1"}],"replies":[{"embeddable":true,"href":"https:\/\/blogdoedvaldomagalhaes.com.br\/index.php\/wp-json\/wp\/v2\/comments?post=51318"}],"version-history":[{"count":1,"href":"https:\/\/blogdoedvaldomagalhaes.com.br\/index.php\/wp-json\/wp\/v2\/posts\/51318\/revisions"}],"predecessor-version":[{"id":51320,"href":"https:\/\/blogdoedvaldomagalhaes.com.br\/index.php\/wp-json\/wp\/v2\/posts\/51318\/revisions\/51320"}],"wp:featuredmedia":[{"embeddable":true,"href":"https:\/\/blogdoedvaldomagalhaes.com.br\/index.php\/wp-json\/wp\/v2\/media\/51319"}],"wp:attachment":[{"href":"https:\/\/blogdoedvaldomagalhaes.com.br\/index.php\/wp-json\/wp\/v2\/media?parent=51318"}],"wp:term":[{"taxonomy":"category","embeddable":true,"href":"https:\/\/blogdoedvaldomagalhaes.com.br\/index.php\/wp-json\/wp\/v2\/categories?post=51318"},{"taxonomy":"post_tag","embeddable":true,"href":"https:\/\/blogdoedvaldomagalhaes.com.br\/index.php\/wp-json\/wp\/v2\/tags?post=51318"}],"curies":[{"name":"wp","href":"https:\/\/api.w.org\/{rel}","templated":true}]}}