{"id":51311,"date":"2020-01-30T13:41:29","date_gmt":"2020-01-30T16:41:29","guid":{"rendered":"http:\/\/blogdoedvaldomagalhaes.com.br\/?p=51311"},"modified":"2020-01-30T13:41:34","modified_gmt":"2020-01-30T16:41:34","slug":"5o-cine-araca-em-serra-dos-cavalos-neste-sabado-1","status":"publish","type":"post","link":"https:\/\/blogdoedvaldomagalhaes.com.br\/index.php\/2020\/01\/30\/5o-cine-araca-em-serra-dos-cavalos-neste-sabado-1\/","title":{"rendered":"5\u00ba Cine Ara\u00e7\u00e1 em Serra dos Cavalos neste s\u00e1bado (1\u00b0)"},"content":{"rendered":"<p style=\"text-align: justify;\"><span style=\"font-size: inherit;\">A Prefeitura de Caruaru, atrav\u00e9s da Secretaria de Sustentabilidade e Desenvolvimento Rural (SUDER), com apoio da Funda\u00e7\u00e3o de Cultura e Turismo do munic\u00edpio, realiza neste s\u00e1bado (1\u00b0) o 5\u00ba Cine Ara\u00e7\u00e1. O projeto acontece na Reserva de Serra dos Cavalos, zona rural de Caruaru, e proporciona cinema e lazer em todos os primeiros s\u00e1bados do m\u00eas no Parque Natural Municipal Professor Jo\u00e3o Vasconcelos Sobrinho. O acesso \u00e9 gratuito para a comunidade local e os visitantes.<\/span><\/p>\n<p style=\"text-align: justify;\">A programa\u00e7\u00e3o desta edi\u00e7\u00e3o come\u00e7a a partir das 15h com a exibi\u00e7\u00e3o de curtas educativos para crian\u00e7as, \u00e0s 16h ser\u00e1 exibido o curta \u201cSolid\u00e3o de Ana\u201d, dirigido por Renand Zovka.<\/p>\n<p style=\"text-align: justify;\">A cantora de MPB, Bia, far\u00e1 uma pequena apresenta\u00e7\u00e3o de voz e viol\u00e3o no hor\u00e1rio das 17h e em seguida, \u00e0s 18h, ser\u00e1 exibida a cl\u00e1ssica com\u00e9dia rom\u00e2ntica nordestina, Lisbela e o Prisioneiro.<\/p>\n<p style=\"text-align: justify;\">Para encerrar a noite, a banda \u201cAs Ful\u00f4\u201d far\u00e1 um show, a partir das 20h, repleto de forr\u00f3, xote, xaxado e bai\u00e3o.<\/p>\n<p style=\"text-align: justify;\">No local tamb\u00e9m ter\u00e1 feira gastron\u00f4mica e de artesanato com barraquinhas, das 15h \u00e0s 22h. Para facilitar o acesso dos visitantes ao parque, a empresa de \u00f4nibus Coletivo ir\u00e1 refor\u00e7ar a linha do Murici que circula no local, com ida a partir das 14h e retorno \u00e0s 22h. O local de embarque ser\u00e1 no centro da cidade, na Rua Duque de Caxias em frente a Catedral. A passagem custa R$ 3,30. A organiza\u00e7\u00e3o recomenda que o visitante leve seu copo reutiliz\u00e1vel ou garrafinha para ingest\u00e3o de \u00e1gua no parque e tamb\u00e9m casaco para se aquecer, j\u00e1 que faz frio no local, mesmo no ver\u00e3o.<\/p>\n","protected":false},"excerpt":{"rendered":"<p>A Prefeitura de Caruaru, atrav\u00e9s da Secretaria de Sustentabilidade e Desenvolvimento Rural (SUDER), com apoio da Funda\u00e7\u00e3o de Cultura e&hellip;<\/p>\n","protected":false},"author":1,"featured_media":51312,"comment_status":"open","ping_status":"open","sticky":false,"template":"","format":"standard","meta":{"footnotes":""},"categories":[14120],"tags":[17194,2,16881],"class_list":["post-51311","post","type-post","status-publish","format-standard","has-post-thumbnail","hentry","category-noticias","tag-5o-cine-araca-em-serra-dos-cavalos-neste-sabado-1","tag-blog-do-edvaldo-magalhaes","tag-caruaru-e-regiao"],"_links":{"self":[{"href":"https:\/\/blogdoedvaldomagalhaes.com.br\/index.php\/wp-json\/wp\/v2\/posts\/51311","targetHints":{"allow":["GET"]}}],"collection":[{"href":"https:\/\/blogdoedvaldomagalhaes.com.br\/index.php\/wp-json\/wp\/v2\/posts"}],"about":[{"href":"https:\/\/blogdoedvaldomagalhaes.com.br\/index.php\/wp-json\/wp\/v2\/types\/post"}],"author":[{"embeddable":true,"href":"https:\/\/blogdoedvaldomagalhaes.com.br\/index.php\/wp-json\/wp\/v2\/users\/1"}],"replies":[{"embeddable":true,"href":"https:\/\/blogdoedvaldomagalhaes.com.br\/index.php\/wp-json\/wp\/v2\/comments?post=51311"}],"version-history":[{"count":1,"href":"https:\/\/blogdoedvaldomagalhaes.com.br\/index.php\/wp-json\/wp\/v2\/posts\/51311\/revisions"}],"predecessor-version":[{"id":51313,"href":"https:\/\/blogdoedvaldomagalhaes.com.br\/index.php\/wp-json\/wp\/v2\/posts\/51311\/revisions\/51313"}],"wp:featuredmedia":[{"embeddable":true,"href":"https:\/\/blogdoedvaldomagalhaes.com.br\/index.php\/wp-json\/wp\/v2\/media\/51312"}],"wp:attachment":[{"href":"https:\/\/blogdoedvaldomagalhaes.com.br\/index.php\/wp-json\/wp\/v2\/media?parent=51311"}],"wp:term":[{"taxonomy":"category","embeddable":true,"href":"https:\/\/blogdoedvaldomagalhaes.com.br\/index.php\/wp-json\/wp\/v2\/categories?post=51311"},{"taxonomy":"post_tag","embeddable":true,"href":"https:\/\/blogdoedvaldomagalhaes.com.br\/index.php\/wp-json\/wp\/v2\/tags?post=51311"}],"curies":[{"name":"wp","href":"https:\/\/api.w.org\/{rel}","templated":true}]}}