{"id":51304,"date":"2020-01-30T12:37:30","date_gmt":"2020-01-30T15:37:30","guid":{"rendered":"http:\/\/blogdoedvaldomagalhaes.com.br\/?p=51304"},"modified":"2020-01-30T12:58:49","modified_gmt":"2020-01-30T15:58:49","slug":"associacao-dos-blocos-carnavalescos-de-caruaru-e-fundada-e-diretoria-eleita","status":"publish","type":"post","link":"https:\/\/blogdoedvaldomagalhaes.com.br\/index.php\/2020\/01\/30\/associacao-dos-blocos-carnavalescos-de-caruaru-e-fundada-e-diretoria-eleita\/","title":{"rendered":"Associa\u00e7\u00e3o dos Blocos Carnavalescos de Caruaru \u00e9 fundada e diretoria eleita"},"content":{"rendered":"<p style=\"text-align: justify;\">A Associa\u00e7\u00e3o dos Blocos Carnavalesco de Caruaru, foi fundada e a diretoria foi eleita, na noite dessa quarta-feira (30), na Esta\u00e7\u00e3o Ferrovi\u00e1ria, e contou com as presen\u00e7as de 20 representantes de blocos carnavalescos da cidade. Confira a composi\u00e7\u00e3o da diretoria:<br \/>\nPresidente &#8211; Alexandre Arquimedes de Oliveria &#8211; Bloco Rendeiras em Folia<br \/>\nVice presidente &#8211; Josenildo Cavalcanti de Albuquerque &#8211; Bloco sou eu teu amor<br \/>\n1\u00b0 secret\u00e1ria &#8211; Karla Giselle monteiro Ferreira &#8211; Bloco cola na galega<br \/>\n2\u00b0 secret\u00e1rio &#8211; Lu\u00edz Rodrigues da Silva &#8211; Bloco os tesouras e tia Socorro em folia<br \/>\n1\u00b0 tesoureiro &#8211; Alexandre Soares da Silva &#8211; Bloco do berimbau Caruaru<br \/>\n2\u00b0 tesoureiro &#8211; Pericles Alves de castros &#8211; Bloco Associa\u00e7\u00e3o dos Moradores do Rendeiras na Folia<br \/>\nDiretor Social &#8211; Paulo Roberto de Lima &#8211; Bloco OOZ ca\u00e7a cacha\u00e7a 100% chapado<br \/>\nVice diretor &#8211; Jos\u00e9 Alexsandro Bezerra de Lima &#8211; Bloco Cangaceiro na Folia<br \/>\nConselho fiscal &#8211; Jos\u00e9 Alexandre Teixeira da Silva &#8211; Bloco Teixeirinha<br \/>\nPaulo Alexandre Balbino Marinho &#8211; Bloco l\u00e1 v\u00eam Eu<br \/>\nCicero Ismael da Silva &#8211; Bloco Lolita<br \/>\nConselho Deliberativo<br \/>\nMaria Cristiane de Oliveira Silva &#8211; Bloco Crian\u00e7a na Folia<br \/>\nQuiara Ismael da Silva &#8211; Bloco Folia Kika Kids<br \/>\nRubenilson Henrique da Silva &#8211; Bloco OZZ Bir\u00f4s\u00a0 Folia.<\/p>\n<hr \/>\n<p style=\"text-align: justify;\">\n","protected":false},"excerpt":{"rendered":"<p>A Associa\u00e7\u00e3o dos Blocos Carnavalesco de Caruaru, foi fundada e a diretoria foi eleita, na noite dessa quarta-feira (30), na&hellip;<\/p>\n","protected":false},"author":1,"featured_media":51305,"comment_status":"open","ping_status":"open","sticky":false,"template":"","format":"standard","meta":{"footnotes":""},"categories":[14120],"tags":[17192,2,16881],"class_list":["post-51304","post","type-post","status-publish","format-standard","has-post-thumbnail","hentry","category-noticias","tag-associacao-dos-blocos-carnavalescos-de-caruaru-e-fundada-e-diretoria-eleita","tag-blog-do-edvaldo-magalhaes","tag-caruaru-e-regiao"],"_links":{"self":[{"href":"https:\/\/blogdoedvaldomagalhaes.com.br\/index.php\/wp-json\/wp\/v2\/posts\/51304","targetHints":{"allow":["GET"]}}],"collection":[{"href":"https:\/\/blogdoedvaldomagalhaes.com.br\/index.php\/wp-json\/wp\/v2\/posts"}],"about":[{"href":"https:\/\/blogdoedvaldomagalhaes.com.br\/index.php\/wp-json\/wp\/v2\/types\/post"}],"author":[{"embeddable":true,"href":"https:\/\/blogdoedvaldomagalhaes.com.br\/index.php\/wp-json\/wp\/v2\/users\/1"}],"replies":[{"embeddable":true,"href":"https:\/\/blogdoedvaldomagalhaes.com.br\/index.php\/wp-json\/wp\/v2\/comments?post=51304"}],"version-history":[{"count":2,"href":"https:\/\/blogdoedvaldomagalhaes.com.br\/index.php\/wp-json\/wp\/v2\/posts\/51304\/revisions"}],"predecessor-version":[{"id":51307,"href":"https:\/\/blogdoedvaldomagalhaes.com.br\/index.php\/wp-json\/wp\/v2\/posts\/51304\/revisions\/51307"}],"wp:featuredmedia":[{"embeddable":true,"href":"https:\/\/blogdoedvaldomagalhaes.com.br\/index.php\/wp-json\/wp\/v2\/media\/51305"}],"wp:attachment":[{"href":"https:\/\/blogdoedvaldomagalhaes.com.br\/index.php\/wp-json\/wp\/v2\/media?parent=51304"}],"wp:term":[{"taxonomy":"category","embeddable":true,"href":"https:\/\/blogdoedvaldomagalhaes.com.br\/index.php\/wp-json\/wp\/v2\/categories?post=51304"},{"taxonomy":"post_tag","embeddable":true,"href":"https:\/\/blogdoedvaldomagalhaes.com.br\/index.php\/wp-json\/wp\/v2\/tags?post=51304"}],"curies":[{"name":"wp","href":"https:\/\/api.w.org\/{rel}","templated":true}]}}