{"id":51300,"date":"2020-01-29T22:47:05","date_gmt":"2020-01-30T01:47:05","guid":{"rendered":"http:\/\/blogdoedvaldomagalhaes.com.br\/?p=51300"},"modified":"2020-01-29T22:47:11","modified_gmt":"2020-01-30T01:47:11","slug":"8-baile-municipal-tera-o-baiano-durval-lelys-em-santa-cruz-do-capibaribe","status":"publish","type":"post","link":"https:\/\/blogdoedvaldomagalhaes.com.br\/index.php\/2020\/01\/29\/8-baile-municipal-tera-o-baiano-durval-lelys-em-santa-cruz-do-capibaribe\/","title":{"rendered":"8\u00b0 Baile Municipal ter\u00e1 o baiano Durval Lelys em Santa Cruz do Capibaribe"},"content":{"rendered":"<p style=\"text-align: justify;\"><span style=\"font-size: inherit;\">Umas das pr\u00e9vias de Carnaval mais esperadas da regi\u00e3o, o Baile Municipal de Santa Cruz do Capibaribe chega ao seu oitavo ano trazendo alegria para os foli\u00f5es e solidariedade para entidades com fins sociais. Neste ano, a Associa\u00e7\u00e3o de Moradores do Bairro Palestina e a Quadrilha da Sulanca, que desenvolvem excelentes trabalhos comunit\u00e1rios sociais e culturais, s\u00e3o as contempladas com o resultado financeiro da festa.<\/span><\/p>\n<p style=\"text-align: justify;\">O evento, marcado pela presen\u00e7a de foli\u00f5es devidamente fantasiados, vai acontecer novamente no CECAP (anexo da Casa da Crian\u00e7a), no dia 7 de fevereiro, a partir das 22h. Entre as atra\u00e7\u00f5es confirmadas est\u00e3o o baiano DURVAL LELYS, que com toda sua irrever\u00eancia e carisma promete agitar o baile na Capital da Moda ao som de seus grandes sucessos. Al\u00e9m de grupos culturais, a santa-cruzense Paula Voices tamb\u00e9m ir\u00e1 completar o leque de atra\u00e7\u00f5es da noite, com seu show vigoroso e cheio de estilo. Concurso de fantasias vai premiar as melhores cria\u00e7\u00f5es de originalidade e luxo. Um dos destaques ser\u00e1 a homenagem ao grupo Vitrine Cultural, formado por idosas assistidas por programas sociais da prefeitura do munic\u00edpio.<\/p>\n<p style=\"text-align: justify;\">Compra de mesas ou ingressos e informa\u00e7\u00f5es pelo telefone 81. 99671.8127.<\/p>\n<p style=\"text-align: justify;\">HIST\u00d3RIA<br \/>Idealizado pela primeira-dama e hoje deputada estadual Alessandra Vieira, o baile foi criado em 2013 por um grupo de pessoas preocupadas com a falta de alternativas consolidadas nas festas de momo. Desde ent\u00e3o, uma comiss\u00e3o percorre o caminho dos patroc\u00ednios de empresas comerciais, industriais e de servi\u00e7os, al\u00e9m do poder p\u00fablico no munic\u00edpio e da regi\u00e3o para viabilizar o evento. A promo\u00e7\u00e3o da integra\u00e7\u00e3o da sociedade santa-cruzense tem encontrado resson\u00e2ncia no p\u00fablico cada vez maior ao longo dos anos e o retorno do resultado financeiro do Baile Municipal destinou at\u00e9 o ano passado quase 110 mil Reais distribu\u00eddos \u00e0 diversas entidades que desenvolvem trabalhos sociais e culturais na Capital da Moda.<\/p>\n\n\n<figure class=\"wp-block-image size-large\"><img loading=\"lazy\" decoding=\"async\" width=\"800\" height=\"533\" src=\"http:\/\/blogdoedvaldomagalhaes.com.br\/wp-content\/uploads\/2020\/01\/IMG-20200129-WA0135.jpg\" alt=\"\" class=\"wp-image-51302\" srcset=\"https:\/\/blogdoedvaldomagalhaes.com.br\/wp-content\/uploads\/2020\/01\/IMG-20200129-WA0135.jpg 800w, https:\/\/blogdoedvaldomagalhaes.com.br\/wp-content\/uploads\/2020\/01\/IMG-20200129-WA0135-300x200.jpg 300w, https:\/\/blogdoedvaldomagalhaes.com.br\/wp-content\/uploads\/2020\/01\/IMG-20200129-WA0135-768x512.jpg 768w\" sizes=\"auto, (max-width: 800px) 100vw, 800px\" \/><\/figure>\n","protected":false},"excerpt":{"rendered":"<p>Umas das pr\u00e9vias de Carnaval mais esperadas da regi\u00e3o, o Baile Municipal de Santa Cruz do Capibaribe chega ao seu&hellip;<\/p>\n","protected":false},"author":1,"featured_media":51301,"comment_status":"open","ping_status":"open","sticky":false,"template":"","format":"standard","meta":{"footnotes":""},"categories":[14120],"tags":[17191,2,16881],"class_list":["post-51300","post","type-post","status-publish","format-standard","has-post-thumbnail","hentry","category-noticias","tag-8-baile-municipal-tera-o-baiano-durval-lelys-em-santa-cruz-do-capibaribe","tag-blog-do-edvaldo-magalhaes","tag-caruaru-e-regiao"],"_links":{"self":[{"href":"https:\/\/blogdoedvaldomagalhaes.com.br\/index.php\/wp-json\/wp\/v2\/posts\/51300","targetHints":{"allow":["GET"]}}],"collection":[{"href":"https:\/\/blogdoedvaldomagalhaes.com.br\/index.php\/wp-json\/wp\/v2\/posts"}],"about":[{"href":"https:\/\/blogdoedvaldomagalhaes.com.br\/index.php\/wp-json\/wp\/v2\/types\/post"}],"author":[{"embeddable":true,"href":"https:\/\/blogdoedvaldomagalhaes.com.br\/index.php\/wp-json\/wp\/v2\/users\/1"}],"replies":[{"embeddable":true,"href":"https:\/\/blogdoedvaldomagalhaes.com.br\/index.php\/wp-json\/wp\/v2\/comments?post=51300"}],"version-history":[{"count":1,"href":"https:\/\/blogdoedvaldomagalhaes.com.br\/index.php\/wp-json\/wp\/v2\/posts\/51300\/revisions"}],"predecessor-version":[{"id":51303,"href":"https:\/\/blogdoedvaldomagalhaes.com.br\/index.php\/wp-json\/wp\/v2\/posts\/51300\/revisions\/51303"}],"wp:featuredmedia":[{"embeddable":true,"href":"https:\/\/blogdoedvaldomagalhaes.com.br\/index.php\/wp-json\/wp\/v2\/media\/51301"}],"wp:attachment":[{"href":"https:\/\/blogdoedvaldomagalhaes.com.br\/index.php\/wp-json\/wp\/v2\/media?parent=51300"}],"wp:term":[{"taxonomy":"category","embeddable":true,"href":"https:\/\/blogdoedvaldomagalhaes.com.br\/index.php\/wp-json\/wp\/v2\/categories?post=51300"},{"taxonomy":"post_tag","embeddable":true,"href":"https:\/\/blogdoedvaldomagalhaes.com.br\/index.php\/wp-json\/wp\/v2\/tags?post=51300"}],"curies":[{"name":"wp","href":"https:\/\/api.w.org\/{rel}","templated":true}]}}