{"id":51282,"date":"2020-01-29T12:36:35","date_gmt":"2020-01-29T15:36:35","guid":{"rendered":"http:\/\/blogdoedvaldomagalhaes.com.br\/?p=51282"},"modified":"2020-01-29T20:51:39","modified_gmt":"2020-01-29T23:51:39","slug":"vereador-assassinado-a-tiros-em-gameleira-pe","status":"publish","type":"post","link":"https:\/\/blogdoedvaldomagalhaes.com.br\/index.php\/2020\/01\/29\/vereador-assassinado-a-tiros-em-gameleira-pe\/","title":{"rendered":"Vereador assassinado a tiros em Gameleira-PE"},"content":{"rendered":"<p style=\"text-align: justify;\">O vereador de Gameleira, zona da Mata Sul de Pernambuco, Jos\u00e9 Ednaldo Marinho, conhecido como Irm\u00e3o Ednaldo, de 45 anos de idade, casado, natural de Rio Formoso, foi assassinado a tiros nas proximidades da C\u00e2mara Municipal, nesta quarta-feira (29).\u00a0<\/p>\n<p style=\"text-align: justify;\">NOTA DE PESAR<\/p>\n<p style=\"text-align: justify;\">A Executiva Estadual do Republicanos Pernambuco lamenta a morte tr\u00e1gica do vereador do Republicanos pelo munic\u00edpio de Gameleira, na Mata Sul do Estado, Irm\u00e3o Ednaldo. Jos\u00e9 Ednaldo Marinho, nasceu em\u00a004 de mar\u00e7o 1974, na cidade de\u00a0Rio Formoso e exerceu o cargo de vereador de Gameleira, sempre defendendo os interesses da popula\u00e7\u00e3o.<\/p>\n<p style=\"text-align: justify;\">Como legado, ele deixar\u00e1 uma bel\u00edssima trajet\u00f3ria marcada pelo respeito ao pr\u00f3ximo. Neste momento de dor, externamos nossos sentimentos \u00e0 fam\u00edlia e amigos. Vamos procurar a Pol\u00edcia Civil e as autoridades competentes para que seja instaurado, em car\u00e1ter emergencial, um procedimento investigativo para apurar esse crime.<\/p>\n<p style=\"text-align: justify;\">*Deputado federal Silvio Costa Filho*<br \/>Presidente estadual do Republicanos Pernambuco<\/p>\n\n\n<figure class=\"wp-block-image size-large\"><img loading=\"lazy\" decoding=\"async\" width=\"604\" height=\"940\" src=\"http:\/\/blogdoedvaldomagalhaes.com.br\/wp-content\/uploads\/2020\/01\/IMG-20200129-WA0071.jpg\" alt=\"\" class=\"wp-image-51287\" srcset=\"https:\/\/blogdoedvaldomagalhaes.com.br\/wp-content\/uploads\/2020\/01\/IMG-20200129-WA0071.jpg 604w, https:\/\/blogdoedvaldomagalhaes.com.br\/wp-content\/uploads\/2020\/01\/IMG-20200129-WA0071-193x300.jpg 193w\" sizes=\"auto, (max-width: 604px) 100vw, 604px\" \/><\/figure>\n","protected":false},"excerpt":{"rendered":"<p>O vereador de Gameleira, zona da Mata Sul de Pernambuco, Jos\u00e9 Ednaldo Marinho, conhecido como Irm\u00e3o Ednaldo, de 45 anos&hellip;<\/p>\n","protected":false},"author":1,"featured_media":51283,"comment_status":"open","ping_status":"open","sticky":false,"template":"","format":"standard","meta":{"footnotes":""},"categories":[14121],"tags":[2,16881,17189],"class_list":["post-51282","post","type-post","status-publish","format-standard","has-post-thumbnail","hentry","category-policial","tag-blog-do-edvaldo-magalhaes","tag-caruaru-e-regiao","tag-vereador-assassinado-a-tiros-em-gameleira-pe"],"_links":{"self":[{"href":"https:\/\/blogdoedvaldomagalhaes.com.br\/index.php\/wp-json\/wp\/v2\/posts\/51282","targetHints":{"allow":["GET"]}}],"collection":[{"href":"https:\/\/blogdoedvaldomagalhaes.com.br\/index.php\/wp-json\/wp\/v2\/posts"}],"about":[{"href":"https:\/\/blogdoedvaldomagalhaes.com.br\/index.php\/wp-json\/wp\/v2\/types\/post"}],"author":[{"embeddable":true,"href":"https:\/\/blogdoedvaldomagalhaes.com.br\/index.php\/wp-json\/wp\/v2\/users\/1"}],"replies":[{"embeddable":true,"href":"https:\/\/blogdoedvaldomagalhaes.com.br\/index.php\/wp-json\/wp\/v2\/comments?post=51282"}],"version-history":[{"count":5,"href":"https:\/\/blogdoedvaldomagalhaes.com.br\/index.php\/wp-json\/wp\/v2\/posts\/51282\/revisions"}],"predecessor-version":[{"id":51299,"href":"https:\/\/blogdoedvaldomagalhaes.com.br\/index.php\/wp-json\/wp\/v2\/posts\/51282\/revisions\/51299"}],"wp:featuredmedia":[{"embeddable":true,"href":"https:\/\/blogdoedvaldomagalhaes.com.br\/index.php\/wp-json\/wp\/v2\/media\/51283"}],"wp:attachment":[{"href":"https:\/\/blogdoedvaldomagalhaes.com.br\/index.php\/wp-json\/wp\/v2\/media?parent=51282"}],"wp:term":[{"taxonomy":"category","embeddable":true,"href":"https:\/\/blogdoedvaldomagalhaes.com.br\/index.php\/wp-json\/wp\/v2\/categories?post=51282"},{"taxonomy":"post_tag","embeddable":true,"href":"https:\/\/blogdoedvaldomagalhaes.com.br\/index.php\/wp-json\/wp\/v2\/tags?post=51282"}],"curies":[{"name":"wp","href":"https:\/\/api.w.org\/{rel}","templated":true}]}}