{"id":51277,"date":"2020-01-29T06:45:41","date_gmt":"2020-01-29T09:45:41","guid":{"rendered":"http:\/\/blogdoedvaldomagalhaes.com.br\/?p=51277"},"modified":"2020-01-29T06:45:49","modified_gmt":"2020-01-29T09:45:49","slug":"central-contrata-mais-um-volante-para-a-temporada-2020","status":"publish","type":"post","link":"https:\/\/blogdoedvaldomagalhaes.com.br\/index.php\/2020\/01\/29\/central-contrata-mais-um-volante-para-a-temporada-2020\/","title":{"rendered":"Central contrata mais um volante para a temporada 2020"},"content":{"rendered":"<p style=\"text-align: justify;\"><span style=\"font-size: inherit;\">Esdras Silva e Silva, o Esdras, 29 anos, chega ao Central Sport Club para a temporada 2020.<\/span><\/p>\n<p style=\"text-align: justify;\">O volante atuou nas categorias de base do Vit\u00f3ria\/BA e no decorrer da carreira, jogou no Colo Colo\/BA, ABC\/RN, Oeste\/SP, Paysandu\/PA, \u00c1guia\/PA, Inter de Lajes\/RS, Cuiab\u00e1\/MT e Moto Club\/MA. No futebol do exterior, o atleta teve passagens pelo Khaitan do Kuwait e Al-Najma Manama do Bahrein, seu \u00faltimo clube.<\/p>\n<p style=\"text-align: justify;\">O Alvinegro Caruaruense segue o planejamento de refor\u00e7os para a continuidade do Campeonato Pernambucano S\u00e9rie A1 e posteriormente, Brasileir\u00e3o da S\u00e9rie D.<\/p>\n","protected":false},"excerpt":{"rendered":"<p>Esdras Silva e Silva, o Esdras, 29 anos, chega ao Central Sport Club para a temporada 2020. O volante atuou&hellip;<\/p>\n","protected":false},"author":1,"featured_media":51278,"comment_status":"open","ping_status":"open","sticky":false,"template":"","format":"standard","meta":{"footnotes":""},"categories":[14124],"tags":[2,16881,17188],"class_list":["post-51277","post","type-post","status-publish","format-standard","has-post-thumbnail","hentry","category-centralsc","tag-blog-do-edvaldo-magalhaes","tag-caruaru-e-regiao","tag-central-contrata-mais-um-volante-para-a-temporada-2020"],"_links":{"self":[{"href":"https:\/\/blogdoedvaldomagalhaes.com.br\/index.php\/wp-json\/wp\/v2\/posts\/51277","targetHints":{"allow":["GET"]}}],"collection":[{"href":"https:\/\/blogdoedvaldomagalhaes.com.br\/index.php\/wp-json\/wp\/v2\/posts"}],"about":[{"href":"https:\/\/blogdoedvaldomagalhaes.com.br\/index.php\/wp-json\/wp\/v2\/types\/post"}],"author":[{"embeddable":true,"href":"https:\/\/blogdoedvaldomagalhaes.com.br\/index.php\/wp-json\/wp\/v2\/users\/1"}],"replies":[{"embeddable":true,"href":"https:\/\/blogdoedvaldomagalhaes.com.br\/index.php\/wp-json\/wp\/v2\/comments?post=51277"}],"version-history":[{"count":1,"href":"https:\/\/blogdoedvaldomagalhaes.com.br\/index.php\/wp-json\/wp\/v2\/posts\/51277\/revisions"}],"predecessor-version":[{"id":51279,"href":"https:\/\/blogdoedvaldomagalhaes.com.br\/index.php\/wp-json\/wp\/v2\/posts\/51277\/revisions\/51279"}],"wp:featuredmedia":[{"embeddable":true,"href":"https:\/\/blogdoedvaldomagalhaes.com.br\/index.php\/wp-json\/wp\/v2\/media\/51278"}],"wp:attachment":[{"href":"https:\/\/blogdoedvaldomagalhaes.com.br\/index.php\/wp-json\/wp\/v2\/media?parent=51277"}],"wp:term":[{"taxonomy":"category","embeddable":true,"href":"https:\/\/blogdoedvaldomagalhaes.com.br\/index.php\/wp-json\/wp\/v2\/categories?post=51277"},{"taxonomy":"post_tag","embeddable":true,"href":"https:\/\/blogdoedvaldomagalhaes.com.br\/index.php\/wp-json\/wp\/v2\/tags?post=51277"}],"curies":[{"name":"wp","href":"https:\/\/api.w.org\/{rel}","templated":true}]}}