{"id":5127,"date":"2017-08-09T17:10:00","date_gmt":"2017-08-09T20:10:00","guid":{"rendered":"http:\/\/blogdoedvaldomagalhaes.com.br\/index.php\/2017\/08\/09\/festa-de-nossa-senhora-da-assuncao-e\/"},"modified":"2019-02-09T01:38:30","modified_gmt":"2019-02-09T03:38:30","slug":"festa-de-nossa-senhora-da-assuncao-e","status":"publish","type":"post","link":"https:\/\/blogdoedvaldomagalhaes.com.br\/index.php\/2017\/08\/09\/festa-de-nossa-senhora-da-assuncao-e\/","title":{"rendered":"Festa de Nossa Senhora da Assun\u00e7\u00e3o \u00e9 celebrada em Caruaru"},"content":{"rendered":"<div class=\"separator\" style=\"clear: both; text-align: center;\">\n<a href=\"https:\/\/3.bp.blogspot.com\/-B0PHYtnx5_A\/WYtBh-fDsjI\/AAAAAAAAbMo\/5Dgui_Iu4E4cytnzJBpBqy64g3dMAvimwCLcBGAs\/s1600\/festa.jpg\" imageanchor=\"1\" style=\"margin-left: 1em; margin-right: 1em;\"><img loading=\"lazy\" decoding=\"async\" border=\"0\" data-original-height=\"300\" data-original-width=\"214\" height=\"400\" src=\"http:\/\/blogdoedvaldomagalhaes.com.br\/wp-content\/uploads\/2017\/08\/festa.jpg\" width=\"285\" \/><\/a><\/div>\n<div class=\"MsoNormal\" style=\"text-align: justify;\">\n<\/div>\n<div class=\"MsoNormal\" style=\"text-align: justify;\">\nA comunidade cat\u00f3lica do<br \/>\nInocoop em Caruaru, celebra a partir desta quinta-feira (10), a Festa de<br \/>\nNossa Senhora de Assun\u00e7\u00e3o. O evento acontece at\u00e9 o pr\u00f3ximo dia 20 e<br \/>\ncontar\u00e1 com celebra\u00e7\u00f5es eucar\u00edsticas, quermesses e atra\u00e7\u00f5es art\u00edsticas.<\/div>\n<div class=\"MsoNormal\" style=\"text-align: justify;\">\n<\/div>\n<div class=\"MsoNormal\" style=\"text-align: justify;\">\nO Padre Augusto Fagn\u00ea,<br \/>\nadministrador paroquial do Inocoop, convida a todos para participarem deste<br \/>\nmomento de f\u00e9 e religiosidade e destaca que a festa da padroeira este ano ter\u00e1<br \/>\ncomo tema: \u201d O TODO PODEROSO FEZ GRANDES COISAS EM MEU FAVOR \u201d (LC 1,49). \u201d<br \/>\nVenham participar conosco. Venham render louvores a Deus por tudo que ele tem<br \/>\nfeito em nosso favor\u201d, convidou o Padre Fagn\u00ea.<\/div>\n<div class=\"MsoNormal\" style=\"text-align: justify;\">\n<\/div>\n<p><\/p>\n<div class=\"MsoNormal\" style=\"text-align: justify;\">\nPara o coordenador da Festa<br \/>\nde Nossa Senhora de Assun\u00e7\u00e3o, Rodrigo de Almeida, ser\u00e1 um momento<br \/>\noportuno para celebrar Ano Mariano. \u201cA igreja est\u00e1 comemorando aos 300 anos do<br \/>\nencontro da imagem de Nossa Senhora da Concei\u00e7\u00e3o Aparecida, nas \u00e1guas do Rio<br \/>\nPara\u00edba do Sul, ent\u00e3o vamos celebrar, fazer mem\u00f3ria e agradecer a Deus e a<br \/>\nMaria por tantas ben\u00e7\u00e3os derramadas sobre o povo brasileiro\u201d, apontou Almeida.<\/div>\n","protected":false},"excerpt":{"rendered":"<p>A comunidade cat\u00f3lica do Inocoop em Caruaru, celebra a partir desta quinta-feira (10), a Festa de Nossa Senhora de Assun\u00e7\u00e3o.&hellip;<\/p>\n","protected":false},"author":1,"featured_media":0,"comment_status":"open","ping_status":"open","sticky":false,"template":"","format":"standard","meta":{"footnotes":""},"categories":[1],"tags":[2,6681,6,6682],"class_list":["post-5127","post","type-post","status-publish","format-standard","hentry","category-sem-categoria","tag-blog-do-edvaldo-magalhaes","tag-festa-de-nossa-senhora-da-assuncao-e-celebrada-em-caruaru","tag-noticias","tag-padre-augusto-fagne"],"_links":{"self":[{"href":"https:\/\/blogdoedvaldomagalhaes.com.br\/index.php\/wp-json\/wp\/v2\/posts\/5127","targetHints":{"allow":["GET"]}}],"collection":[{"href":"https:\/\/blogdoedvaldomagalhaes.com.br\/index.php\/wp-json\/wp\/v2\/posts"}],"about":[{"href":"https:\/\/blogdoedvaldomagalhaes.com.br\/index.php\/wp-json\/wp\/v2\/types\/post"}],"author":[{"embeddable":true,"href":"https:\/\/blogdoedvaldomagalhaes.com.br\/index.php\/wp-json\/wp\/v2\/users\/1"}],"replies":[{"embeddable":true,"href":"https:\/\/blogdoedvaldomagalhaes.com.br\/index.php\/wp-json\/wp\/v2\/comments?post=5127"}],"version-history":[{"count":1,"href":"https:\/\/blogdoedvaldomagalhaes.com.br\/index.php\/wp-json\/wp\/v2\/posts\/5127\/revisions"}],"predecessor-version":[{"id":22884,"href":"https:\/\/blogdoedvaldomagalhaes.com.br\/index.php\/wp-json\/wp\/v2\/posts\/5127\/revisions\/22884"}],"wp:attachment":[{"href":"https:\/\/blogdoedvaldomagalhaes.com.br\/index.php\/wp-json\/wp\/v2\/media?parent=5127"}],"wp:term":[{"taxonomy":"category","embeddable":true,"href":"https:\/\/blogdoedvaldomagalhaes.com.br\/index.php\/wp-json\/wp\/v2\/categories?post=5127"},{"taxonomy":"post_tag","embeddable":true,"href":"https:\/\/blogdoedvaldomagalhaes.com.br\/index.php\/wp-json\/wp\/v2\/tags?post=5127"}],"curies":[{"name":"wp","href":"https:\/\/api.w.org\/{rel}","templated":true}]}}