{"id":51269,"date":"2020-01-28T22:05:07","date_gmt":"2020-01-29T01:05:07","guid":{"rendered":"http:\/\/blogdoedvaldomagalhaes.com.br\/?p=51269"},"modified":"2020-01-28T22:44:50","modified_gmt":"2020-01-29T01:44:50","slug":"sport-vence-o-central-na-arena-de-pernambuco","status":"publish","type":"post","link":"https:\/\/blogdoedvaldomagalhaes.com.br\/index.php\/2020\/01\/28\/sport-vence-o-central-na-arena-de-pernambuco\/","title":{"rendered":"Sport vence o Central na Arena de Pernambuco"},"content":{"rendered":"<p style=\"text-align: justify;\">O Sport venceu o Central por 1 a 0, gol de Ewandro aos 32 minutos do 1\u00b0 tempo, na Arena de Pernambuco, nesta ter\u00e7a-feira (28), pela terceira rodada do Campeonato Pernambucano da S\u00e9rie A1. Renda: 45 560,00 e p\u00fablico de 4.068 torcedores.<\/p>\n<p style=\"text-align: justify;\">O Sport agora est\u00e1 com 05 pontos, no 3\u00b0 lugar na classifica\u00e7\u00e3o da competi\u00e7\u00e3o. J\u00e1 o Central continua na vice-lanterna com 01 ponto.<\/p>\n<p style=\"text-align: justify;\">O pr\u00f3ximo jogo do Sport pelo Estadual ser\u00e1 contra o Decis\u00e3o, no Est\u00e1dio Lacerd\u00e3o, em Caruaru, no dia 09 de fevereiro, \u00e0s 16h. O Central enfrentar\u00e1 o Vit\u00f3ria\/PE, no Est\u00e1dio Lacerd\u00e3o, no dia 12 de fevereiro.<\/p>\n<p style=\"text-align: justify;\">Foto: Anderson Stevens\/Sport Club Recife.<\/p>\n","protected":false},"excerpt":{"rendered":"<p>O Sport venceu o Central por 1 a 0, gol de Ewandro aos 32 minutos do 1\u00b0 tempo, na Arena&hellip;<\/p>\n","protected":false},"author":1,"featured_media":51270,"comment_status":"open","ping_status":"open","sticky":false,"template":"","format":"standard","meta":{"footnotes":""},"categories":[14124],"tags":[2,16881,17187],"class_list":["post-51269","post","type-post","status-publish","format-standard","has-post-thumbnail","hentry","category-centralsc","tag-blog-do-edvaldo-magalhaes","tag-caruaru-e-regiao","tag-sport-vence-o-central-na-arena-de-pernambuco"],"_links":{"self":[{"href":"https:\/\/blogdoedvaldomagalhaes.com.br\/index.php\/wp-json\/wp\/v2\/posts\/51269","targetHints":{"allow":["GET"]}}],"collection":[{"href":"https:\/\/blogdoedvaldomagalhaes.com.br\/index.php\/wp-json\/wp\/v2\/posts"}],"about":[{"href":"https:\/\/blogdoedvaldomagalhaes.com.br\/index.php\/wp-json\/wp\/v2\/types\/post"}],"author":[{"embeddable":true,"href":"https:\/\/blogdoedvaldomagalhaes.com.br\/index.php\/wp-json\/wp\/v2\/users\/1"}],"replies":[{"embeddable":true,"href":"https:\/\/blogdoedvaldomagalhaes.com.br\/index.php\/wp-json\/wp\/v2\/comments?post=51269"}],"version-history":[{"count":5,"href":"https:\/\/blogdoedvaldomagalhaes.com.br\/index.php\/wp-json\/wp\/v2\/posts\/51269\/revisions"}],"predecessor-version":[{"id":51276,"href":"https:\/\/blogdoedvaldomagalhaes.com.br\/index.php\/wp-json\/wp\/v2\/posts\/51269\/revisions\/51276"}],"wp:featuredmedia":[{"embeddable":true,"href":"https:\/\/blogdoedvaldomagalhaes.com.br\/index.php\/wp-json\/wp\/v2\/media\/51270"}],"wp:attachment":[{"href":"https:\/\/blogdoedvaldomagalhaes.com.br\/index.php\/wp-json\/wp\/v2\/media?parent=51269"}],"wp:term":[{"taxonomy":"category","embeddable":true,"href":"https:\/\/blogdoedvaldomagalhaes.com.br\/index.php\/wp-json\/wp\/v2\/categories?post=51269"},{"taxonomy":"post_tag","embeddable":true,"href":"https:\/\/blogdoedvaldomagalhaes.com.br\/index.php\/wp-json\/wp\/v2\/tags?post=51269"}],"curies":[{"name":"wp","href":"https:\/\/api.w.org\/{rel}","templated":true}]}}