{"id":5126,"date":"2017-08-09T17:19:00","date_gmt":"2017-08-09T20:19:00","guid":{"rendered":"http:\/\/blogdoedvaldomagalhaes.com.br\/index.php\/2017\/08\/09\/inscricoes-para-selecao-simplificada-da\/"},"modified":"2019-02-09T01:38:31","modified_gmt":"2019-02-09T03:38:31","slug":"inscricoes-para-selecao-simplificada-da","status":"publish","type":"post","link":"https:\/\/blogdoedvaldomagalhaes.com.br\/index.php\/2017\/08\/09\/inscricoes-para-selecao-simplificada-da\/","title":{"rendered":"Inscri\u00e7\u00f5es para sele\u00e7\u00e3o simplificada da Secretaria de Sa\u00fade-PE terminam nesta sexta (11)"},"content":{"rendered":"<div class=\"separator\" style=\"clear: both; text-align: center;\">\n<a href=\"https:\/\/1.bp.blogspot.com\/-TdK0ZnqppiU\/WYtDxvCaOOI\/AAAAAAAAbM0\/Xgie6EcSid00ejJroVUc-YhTsrzhi6c6gCLcBGAs\/s1600\/sele%25C3%25A7%25C3%25A3o.jpg\" imageanchor=\"1\" style=\"margin-left: 1em; margin-right: 1em;\"><img loading=\"lazy\" decoding=\"async\" border=\"0\" data-original-height=\"156\" data-original-width=\"303\" height=\"204\" src=\"http:\/\/blogdoedvaldomagalhaes.com.br\/wp-content\/uploads\/2017\/08\/seleC3A7C3A3o-1.jpg\" width=\"400\" \/><\/a><\/div>\n<div class=\"MsoNormal\" style=\"text-align: justify;\">\n<\/div>\n<div class=\"MsoNormal\" style=\"text-align: justify;\">\nEncerram-se, nesta<br \/>\nsexta-feira (11.08), as inscri\u00e7\u00f5es para a sele\u00e7\u00e3o p\u00fablica simplificada da<br \/>\nSecretaria Estadual de Sa\u00fade (SES). O processo seletivo visa a contrata\u00e7\u00e3o<br \/>\ntempor\u00e1ria de 30 profissionais para exercer atividade na sede da pasta e tamb\u00e9m<br \/>\nnas 12 Ger\u00eancias Regionais de Sa\u00fade (Geres), al\u00e9m de unidades hospitalares na<br \/>\n\u00e1rea de supervis\u00e3o e outras atividades. <\/div>\n<div class=\"MsoNormal\" style=\"text-align: justify;\">\n&nbsp;&nbsp;<\/div>\n<div class=\"MsoNormal\" style=\"text-align: justify;\">\nO total de vagas s\u00e3o para:<br \/>\n12 engenheiros civis (dez vagas para fiscal de obra, contratos e servi\u00e7os; um<br \/>\npara or\u00e7amentista e um para calculista), dois engenheiros el\u00e9tricos, um<br \/>\nengenheiro mec\u00e2nico, cinco arquitetos, um t\u00e9cnico em eletrot\u00e9cnica, um t\u00e9cnico em<br \/>\nrefrigera\u00e7\u00e3o e oito t\u00e9cnicos em edifica\u00e7\u00f5es.&nbsp;<\/div>\n<div class=\"MsoNormal\" style=\"text-align: justify;\">\n<\/div>\n<div class=\"MsoNormal\" style=\"text-align: justify;\">\nA sele\u00e7\u00e3o p\u00fablica ser\u00e1<br \/>\nrealizada em uma \u00fanica etapa, por meio de avalia\u00e7\u00e3o curricular, de car\u00e1ter<br \/>\nclassificat\u00f3rio e eliminat\u00f3rio. A divulga\u00e7\u00e3o do resultado preliminar da<br \/>\navalia\u00e7\u00e3o curricular ser\u00e1 no dia 1\u00ba de setembro e o resultado final no dia 20<br \/>\nde setembro, ambos pelo portal.saude.pe.gov.br.<\/div>\n<div class=\"MsoNormal\" style=\"text-align: justify;\">\n<\/div>\n<p><\/p>\n<div class=\"MsoNormal\" style=\"text-align: justify;\">\nAs inscri\u00e7\u00f5es s\u00e3o gratuitas<br \/>\ne podem ser realizadas via sedex ou presencialmente na Diretoria Geral de<br \/>\nGest\u00e3o do Trabalho, na Rua Dona Maria Augusta Nogueira, 519, no Bongi &#8211; Recife.<br \/>\nMais informa\u00e7\u00f5es podem ser solicitadas pelo (81) 3184.0243 \/ 0247.<\/div>\n","protected":false},"excerpt":{"rendered":"<p>Encerram-se, nesta sexta-feira (11.08), as inscri\u00e7\u00f5es para a sele\u00e7\u00e3o p\u00fablica simplificada da Secretaria Estadual de Sa\u00fade (SES). O processo seletivo&hellip;<\/p>\n","protected":false},"author":1,"featured_media":0,"comment_status":"open","ping_status":"open","sticky":false,"template":"","format":"standard","meta":{"footnotes":""},"categories":[1],"tags":[2,6680,6],"class_list":["post-5126","post","type-post","status-publish","format-standard","hentry","category-sem-categoria","tag-blog-do-edvaldo-magalhaes","tag-inscricoes-para-selecao-simplificada-da-secretaria-de-saude-pe-terminam-nesta-sexta-11","tag-noticias"],"_links":{"self":[{"href":"https:\/\/blogdoedvaldomagalhaes.com.br\/index.php\/wp-json\/wp\/v2\/posts\/5126","targetHints":{"allow":["GET"]}}],"collection":[{"href":"https:\/\/blogdoedvaldomagalhaes.com.br\/index.php\/wp-json\/wp\/v2\/posts"}],"about":[{"href":"https:\/\/blogdoedvaldomagalhaes.com.br\/index.php\/wp-json\/wp\/v2\/types\/post"}],"author":[{"embeddable":true,"href":"https:\/\/blogdoedvaldomagalhaes.com.br\/index.php\/wp-json\/wp\/v2\/users\/1"}],"replies":[{"embeddable":true,"href":"https:\/\/blogdoedvaldomagalhaes.com.br\/index.php\/wp-json\/wp\/v2\/comments?post=5126"}],"version-history":[{"count":1,"href":"https:\/\/blogdoedvaldomagalhaes.com.br\/index.php\/wp-json\/wp\/v2\/posts\/5126\/revisions"}],"predecessor-version":[{"id":22886,"href":"https:\/\/blogdoedvaldomagalhaes.com.br\/index.php\/wp-json\/wp\/v2\/posts\/5126\/revisions\/22886"}],"wp:attachment":[{"href":"https:\/\/blogdoedvaldomagalhaes.com.br\/index.php\/wp-json\/wp\/v2\/media?parent=5126"}],"wp:term":[{"taxonomy":"category","embeddable":true,"href":"https:\/\/blogdoedvaldomagalhaes.com.br\/index.php\/wp-json\/wp\/v2\/categories?post=5126"},{"taxonomy":"post_tag","embeddable":true,"href":"https:\/\/blogdoedvaldomagalhaes.com.br\/index.php\/wp-json\/wp\/v2\/tags?post=5126"}],"curies":[{"name":"wp","href":"https:\/\/api.w.org\/{rel}","templated":true}]}}