{"id":5125,"date":"2017-08-09T17:26:00","date_gmt":"2017-08-09T20:26:00","guid":{"rendered":"http:\/\/blogdoedvaldomagalhaes.com.br\/index.php\/2017\/08\/09\/vereador-solicita-operacao-tapa-buracos\/"},"modified":"2019-02-09T01:38:31","modified_gmt":"2019-02-09T03:38:31","slug":"vereador-solicita-operacao-tapa-buracos","status":"publish","type":"post","link":"https:\/\/blogdoedvaldomagalhaes.com.br\/index.php\/2017\/08\/09\/vereador-solicita-operacao-tapa-buracos\/","title":{"rendered":"Vereador solicita Opera\u00e7\u00e3o Tapa Buracos em toda Caruaru"},"content":{"rendered":"<div class=\"separator\" style=\"clear: both; text-align: center;\">\n<a href=\"https:\/\/4.bp.blogspot.com\/-kDwSNMvXhQA\/WYtFbUURdnI\/AAAAAAAAbNA\/ZYg9JC9K68gSPNhC-5DG_dfzpoje5e1BQCLcBGAs\/s1600\/buracos.jpg\" imageanchor=\"1\" style=\"margin-left: 1em; margin-right: 1em;\"><img loading=\"lazy\" decoding=\"async\" border=\"0\" data-original-height=\"708\" data-original-width=\"696\" height=\"400\" src=\"http:\/\/blogdoedvaldomagalhaes.com.br\/wp-content\/uploads\/2017\/08\/buracos.jpg\" width=\"392\" \/><\/a><\/div>\n<div class=\"MsoNormal\" style=\"text-align: justify;\">\n<\/div>\n<div class=\"MsoNormal\" style=\"text-align: justify;\">\nNa reuni\u00e3o p\u00fablica ordin\u00e1ria da C\u00e2mara Municipal de Caruaru, um requerimento de autoria do vereador Pb.<br \/>\nAndrey Gouveia foi aprovado por unanimidade pelos parlamentares. Na<br \/>\npropositura, o Pb. Andrey pediu \u00e0 Prefeitura que a Opera\u00e7\u00e3o Tapa Buracos atenda<br \/>\ncom urg\u00eancia toda a cidade de Caruaru, visto que muitas vias est\u00e3o esburacadas,<br \/>\no que pode causar graves acidentes aos motoristas e pedestres.&nbsp;Para o vereador, a opera\u00e7\u00e3o \u00e9 de<br \/>\nextrema import\u00e2ncia no munic\u00edpio, j\u00e1 que diversos trechos est\u00e3o em situa\u00e7\u00e3o<br \/>\nca\u00f3tica.<\/div>\n","protected":false},"excerpt":{"rendered":"<p>Na reuni\u00e3o p\u00fablica ordin\u00e1ria da C\u00e2mara Municipal de Caruaru, um requerimento de autoria do vereador Pb. Andrey Gouveia foi aprovado&hellip;<\/p>\n","protected":false},"author":1,"featured_media":0,"comment_status":"open","ping_status":"open","sticky":false,"template":"","format":"standard","meta":{"footnotes":""},"categories":[1],"tags":[2,5143,20,6679],"class_list":["post-5125","post","type-post","status-publish","format-standard","hentry","category-sem-categoria","tag-blog-do-edvaldo-magalhaes","tag-pb-andrey-gouveia","tag-politica","tag-vereador-solicita-operacao-tapa-buracos-em-toda-caruaru"],"_links":{"self":[{"href":"https:\/\/blogdoedvaldomagalhaes.com.br\/index.php\/wp-json\/wp\/v2\/posts\/5125","targetHints":{"allow":["GET"]}}],"collection":[{"href":"https:\/\/blogdoedvaldomagalhaes.com.br\/index.php\/wp-json\/wp\/v2\/posts"}],"about":[{"href":"https:\/\/blogdoedvaldomagalhaes.com.br\/index.php\/wp-json\/wp\/v2\/types\/post"}],"author":[{"embeddable":true,"href":"https:\/\/blogdoedvaldomagalhaes.com.br\/index.php\/wp-json\/wp\/v2\/users\/1"}],"replies":[{"embeddable":true,"href":"https:\/\/blogdoedvaldomagalhaes.com.br\/index.php\/wp-json\/wp\/v2\/comments?post=5125"}],"version-history":[{"count":1,"href":"https:\/\/blogdoedvaldomagalhaes.com.br\/index.php\/wp-json\/wp\/v2\/posts\/5125\/revisions"}],"predecessor-version":[{"id":22888,"href":"https:\/\/blogdoedvaldomagalhaes.com.br\/index.php\/wp-json\/wp\/v2\/posts\/5125\/revisions\/22888"}],"wp:attachment":[{"href":"https:\/\/blogdoedvaldomagalhaes.com.br\/index.php\/wp-json\/wp\/v2\/media?parent=5125"}],"wp:term":[{"taxonomy":"category","embeddable":true,"href":"https:\/\/blogdoedvaldomagalhaes.com.br\/index.php\/wp-json\/wp\/v2\/categories?post=5125"},{"taxonomy":"post_tag","embeddable":true,"href":"https:\/\/blogdoedvaldomagalhaes.com.br\/index.php\/wp-json\/wp\/v2\/tags?post=5125"}],"curies":[{"name":"wp","href":"https:\/\/api.w.org\/{rel}","templated":true}]}}