{"id":5124,"date":"2017-08-09T17:43:00","date_gmt":"2017-08-09T20:43:00","guid":{"rendered":"http:\/\/blogdoedvaldomagalhaes.com.br\/index.php\/2017\/08\/09\/pais-serao-homenageados-no-hospita\/"},"modified":"2019-02-09T01:38:32","modified_gmt":"2019-02-09T03:38:32","slug":"pais-serao-homenageados-no-hospita","status":"publish","type":"post","link":"https:\/\/blogdoedvaldomagalhaes.com.br\/index.php\/2017\/08\/09\/pais-serao-homenageados-no-hospita\/","title":{"rendered":"Pais ser\u00e3o homenageados no Hospital Mestre Vitalino"},"content":{"rendered":"<div class=\"separator\" style=\"clear: both; text-align: center;\">\n<\/div>\n<div class=\"separator\" style=\"clear: both; text-align: center;\">\n<a href=\"https:\/\/2.bp.blogspot.com\/-wccgZPVp2bc\/WYtJzGe4a_I\/AAAAAAAAbNQ\/5b1BHMitiFIab0Xd-SYSSwsSyE1qKK7RQCLcBGAs\/s1600\/hops.png\" imageanchor=\"1\" style=\"margin-left: 1em; margin-right: 1em;\"><img loading=\"lazy\" decoding=\"async\" border=\"0\" data-original-height=\"763\" data-original-width=\"1207\" height=\"252\" src=\"http:\/\/blogdoedvaldomagalhaes.com.br\/wp-content\/uploads\/2017\/08\/hops.png\" width=\"400\" \/><\/a><\/div>\n<div class=\"MsoNormal\" style=\"text-align: justify;\">\n<\/div>\n<div class=\"MsoNormal\" style=\"text-align: justify;\">\nEm celebra\u00e7\u00e3o ao Dia dos<br \/>\nPais, comemorado no pr\u00f3ximo domingo (13), o Hospital Mestre Vitalino preparou<br \/>\numa programa\u00e7\u00e3o para homenagear os pais internados, os colaborados que s\u00e3o<br \/>\npais, e os pais das crian\u00e7as que est\u00e3o em tratamento na unidade.<\/div>\n<div class=\"MsoNormal\" style=\"text-align: justify;\">\n<\/div>\n<div class=\"MsoNormal\" style=\"text-align: justify;\">\nPara os colaboradores, o HMV<br \/>\npromover\u00e1 um almo\u00e7o especial na pr\u00f3xima sexta (11) e no domingo (13). J\u00e1 as<br \/>\ncrian\u00e7as da pediatria est\u00e3o confeccionando um diploma de \u201cmelhor pai do mundo\u201d<br \/>\ncom desenhos e mensagens, para entregarem na data. No domingo, os pais<br \/>\ninternados na unidade ser\u00e3o reunidos em um grupo, no hor\u00e1rio de visitas, onde<br \/>\nreceber\u00e3o mensagens e homenagens em honra pelo seu dia.<\/div>\n<div class=\"MsoNormal\" style=\"text-align: justify;\">\n<\/div>\n<p><\/p>\n<div class=\"MsoNormal\" style=\"text-align: justify;\">\nAs a\u00e7\u00f5es foram planejadas<br \/>\npela equipe de humaniza\u00e7\u00e3o da unidade para que todos tenham a possibilidade de<br \/>\nfestejar esta data, ainda que no ambiente hospitalar.<\/div>\n","protected":false},"excerpt":{"rendered":"<p>Em celebra\u00e7\u00e3o ao Dia dos Pais, comemorado no pr\u00f3ximo domingo (13), o Hospital Mestre Vitalino preparou uma programa\u00e7\u00e3o para homenagear&hellip;<\/p>\n","protected":false},"author":1,"featured_media":0,"comment_status":"open","ping_status":"open","sticky":false,"template":"","format":"standard","meta":{"footnotes":""},"categories":[1],"tags":[2,6,6678],"class_list":["post-5124","post","type-post","status-publish","format-standard","hentry","category-sem-categoria","tag-blog-do-edvaldo-magalhaes","tag-noticias","tag-pais-serao-homenageados-no-hospital-mestre-vitalino"],"_links":{"self":[{"href":"https:\/\/blogdoedvaldomagalhaes.com.br\/index.php\/wp-json\/wp\/v2\/posts\/5124","targetHints":{"allow":["GET"]}}],"collection":[{"href":"https:\/\/blogdoedvaldomagalhaes.com.br\/index.php\/wp-json\/wp\/v2\/posts"}],"about":[{"href":"https:\/\/blogdoedvaldomagalhaes.com.br\/index.php\/wp-json\/wp\/v2\/types\/post"}],"author":[{"embeddable":true,"href":"https:\/\/blogdoedvaldomagalhaes.com.br\/index.php\/wp-json\/wp\/v2\/users\/1"}],"replies":[{"embeddable":true,"href":"https:\/\/blogdoedvaldomagalhaes.com.br\/index.php\/wp-json\/wp\/v2\/comments?post=5124"}],"version-history":[{"count":1,"href":"https:\/\/blogdoedvaldomagalhaes.com.br\/index.php\/wp-json\/wp\/v2\/posts\/5124\/revisions"}],"predecessor-version":[{"id":22890,"href":"https:\/\/blogdoedvaldomagalhaes.com.br\/index.php\/wp-json\/wp\/v2\/posts\/5124\/revisions\/22890"}],"wp:attachment":[{"href":"https:\/\/blogdoedvaldomagalhaes.com.br\/index.php\/wp-json\/wp\/v2\/media?parent=5124"}],"wp:term":[{"taxonomy":"category","embeddable":true,"href":"https:\/\/blogdoedvaldomagalhaes.com.br\/index.php\/wp-json\/wp\/v2\/categories?post=5124"},{"taxonomy":"post_tag","embeddable":true,"href":"https:\/\/blogdoedvaldomagalhaes.com.br\/index.php\/wp-json\/wp\/v2\/tags?post=5124"}],"curies":[{"name":"wp","href":"https:\/\/api.w.org\/{rel}","templated":true}]}}