{"id":51180,"date":"2020-01-27T10:52:47","date_gmt":"2020-01-27T13:52:47","guid":{"rendered":"http:\/\/blogdoedvaldomagalhaes.com.br\/?p=51180"},"modified":"2020-01-27T10:52:50","modified_gmt":"2020-01-27T13:52:50","slug":"caruaru-bairros-santa-rosa-e-vassoural-terao-toda-a-iluminacao-publica-substituida-por-lampadas-de-led","status":"publish","type":"post","link":"https:\/\/blogdoedvaldomagalhaes.com.br\/index.php\/2020\/01\/27\/caruaru-bairros-santa-rosa-e-vassoural-terao-toda-a-iluminacao-publica-substituida-por-lampadas-de-led\/","title":{"rendered":"Caruaru: Bairros Santa Rosa e Vassoural ter\u00e3o toda a ilumina\u00e7\u00e3o p\u00fablica substitu\u00edda por l\u00e2mpadas de LED"},"content":{"rendered":"<p style=\"text-align: justify;\"><span style=\"font-size: inherit;\">A Prefeitura de Caruaru, atrav\u00e9s da Secretaria de Servi\u00e7os P\u00fablicos, chegou a marca de 7 mil l\u00e2mpadas de LED instaladas, ainda no final de 2019. Para o inicio deste ano de 2020, o programa Ilumina vai come\u00e7ar a substitui\u00e7\u00e3o de todas as lumin\u00e1rias comuns, por l\u00e2mpadas de LED nos bairros do Vassoural e no Santa Rosa. Ser\u00e3o instaladas mais de 1000 l\u00e2mpadas de LED nos dois bairros. Os servi\u00e7os ser\u00e3o iniciados no dia 05 de fevereiro.<\/span><\/p>\n<p style=\"text-align: justify;\">O Programa Ilumina Caruaru j\u00e1 substituiu 22% de todo o parque de ilumina\u00e7\u00e3o do munic\u00edpio por l\u00e2mpadas de LED, al\u00e9m das instala\u00e7\u00f5es, equipes realizam uma m\u00e9dia de 70 pedidos de manuten\u00e7\u00e3o. O usu\u00e1rio pode utilizar os canais de comunica\u00e7\u00e3o oficiais da prefeitura e solicitar a manuten\u00e7\u00e3o e substitui\u00e7\u00e3o de l\u00e2mpadas queimadas atrav\u00e9s do aplicativo Chega Junto Caruaru ou 3701-1455.<\/p>\n<p style=\"text-align: justify;\">Para este ano, al\u00e9m das substitui\u00e7\u00f5es de l\u00e2mpadas comuns por LED, o programa iniciou a segunda etapa da requalifica\u00e7\u00e3o da parte el\u00e9trica no parque 18 de Maio, no setor da Brasilit. Este servi\u00e7o \u00e9 uma parceria entre o munic\u00edpio e a CELPE e vai substituir a fia\u00e7\u00e3o e realizar trocas e instala\u00e7\u00f5es de 70 novos postes. As gambiarras identificadas est\u00e3o sendo retiradas, al\u00e9m disso, de acordo com as recomenda\u00e7\u00f5es de seguran\u00e7a e solicita\u00e7\u00e3o da CELPE, \u00e9 necess\u00e1rio o recuo de algumas telhas e cobertas que foram instaladas pelos feirantes, que impossibilitam o trabalho das equipes de manuten\u00e7\u00e3o. Com a conclus\u00e3o dessa etapa ser\u00e1 iniciada a substitui\u00e7\u00e3o dos postes e fia\u00e7\u00e3o.<\/p>\n\n\n<figure class=\"wp-block-image size-large\"><img loading=\"lazy\" decoding=\"async\" width=\"1024\" height=\"576\" src=\"http:\/\/blogdoedvaldomagalhaes.com.br\/wp-content\/uploads\/2020\/01\/IMG-20200127-WA0049-1024x576.jpg\" alt=\"\" class=\"wp-image-51182\" srcset=\"https:\/\/blogdoedvaldomagalhaes.com.br\/wp-content\/uploads\/2020\/01\/IMG-20200127-WA0049-1024x576.jpg 1024w, https:\/\/blogdoedvaldomagalhaes.com.br\/wp-content\/uploads\/2020\/01\/IMG-20200127-WA0049-300x169.jpg 300w, https:\/\/blogdoedvaldomagalhaes.com.br\/wp-content\/uploads\/2020\/01\/IMG-20200127-WA0049-768x432.jpg 768w, https:\/\/blogdoedvaldomagalhaes.com.br\/wp-content\/uploads\/2020\/01\/IMG-20200127-WA0049-1140x641.jpg 1140w, https:\/\/blogdoedvaldomagalhaes.com.br\/wp-content\/uploads\/2020\/01\/IMG-20200127-WA0049-720x405.jpg 720w, https:\/\/blogdoedvaldomagalhaes.com.br\/wp-content\/uploads\/2020\/01\/IMG-20200127-WA0049.jpg 1280w\" sizes=\"auto, (max-width: 1024px) 100vw, 1024px\" \/><figcaption>Fotos: K9\/Divulga\u00e7\u00e3o<\/figcaption><\/figure>\n","protected":false},"excerpt":{"rendered":"<p>A Prefeitura de Caruaru, atrav\u00e9s da Secretaria de Servi\u00e7os P\u00fablicos, chegou a marca de 7 mil l\u00e2mpadas de LED instaladas,&hellip;<\/p>\n","protected":false},"author":1,"featured_media":51181,"comment_status":"open","ping_status":"open","sticky":false,"template":"","format":"standard","meta":{"footnotes":""},"categories":[14120],"tags":[2,16881,17165],"class_list":["post-51180","post","type-post","status-publish","format-standard","has-post-thumbnail","hentry","category-noticias","tag-blog-do-edvaldo-magalhaes","tag-caruaru-e-regiao","tag-caruaru-bairros-santa-rosa-e-vassoural-terao-toda-a-iluminacao-publica-substituida-por-lampadas-de-led"],"_links":{"self":[{"href":"https:\/\/blogdoedvaldomagalhaes.com.br\/index.php\/wp-json\/wp\/v2\/posts\/51180","targetHints":{"allow":["GET"]}}],"collection":[{"href":"https:\/\/blogdoedvaldomagalhaes.com.br\/index.php\/wp-json\/wp\/v2\/posts"}],"about":[{"href":"https:\/\/blogdoedvaldomagalhaes.com.br\/index.php\/wp-json\/wp\/v2\/types\/post"}],"author":[{"embeddable":true,"href":"https:\/\/blogdoedvaldomagalhaes.com.br\/index.php\/wp-json\/wp\/v2\/users\/1"}],"replies":[{"embeddable":true,"href":"https:\/\/blogdoedvaldomagalhaes.com.br\/index.php\/wp-json\/wp\/v2\/comments?post=51180"}],"version-history":[{"count":1,"href":"https:\/\/blogdoedvaldomagalhaes.com.br\/index.php\/wp-json\/wp\/v2\/posts\/51180\/revisions"}],"predecessor-version":[{"id":51183,"href":"https:\/\/blogdoedvaldomagalhaes.com.br\/index.php\/wp-json\/wp\/v2\/posts\/51180\/revisions\/51183"}],"wp:featuredmedia":[{"embeddable":true,"href":"https:\/\/blogdoedvaldomagalhaes.com.br\/index.php\/wp-json\/wp\/v2\/media\/51181"}],"wp:attachment":[{"href":"https:\/\/blogdoedvaldomagalhaes.com.br\/index.php\/wp-json\/wp\/v2\/media?parent=51180"}],"wp:term":[{"taxonomy":"category","embeddable":true,"href":"https:\/\/blogdoedvaldomagalhaes.com.br\/index.php\/wp-json\/wp\/v2\/categories?post=51180"},{"taxonomy":"post_tag","embeddable":true,"href":"https:\/\/blogdoedvaldomagalhaes.com.br\/index.php\/wp-json\/wp\/v2\/tags?post=51180"}],"curies":[{"name":"wp","href":"https:\/\/api.w.org\/{rel}","templated":true}]}}