{"id":51169,"date":"2020-01-26T19:09:47","date_gmt":"2020-01-26T22:09:47","guid":{"rendered":"http:\/\/blogdoedvaldomagalhaes.com.br\/?p=51169"},"modified":"2020-01-27T08:06:20","modified_gmt":"2020-01-27T11:06:20","slug":"morre-o-astro-da-nba-em-acidente-de-helicoptero","status":"publish","type":"post","link":"https:\/\/blogdoedvaldomagalhaes.com.br\/index.php\/2020\/01\/26\/morre-o-astro-da-nba-em-acidente-de-helicoptero\/","title":{"rendered":"Morre o Astro da NBA em acidente de helic\u00f3ptero"},"content":{"rendered":"<p style=\"text-align: justify;\">Um dos principais nomes da hist\u00f3ria do basquete americano, Kobe Bryant morreu aos 41 anos de idade, neste domingo (26), em um acidente de helic\u00f3ptero em Calabasas, cidade pr\u00f3xima a Los Angeles. Al\u00e9m do ex-jogador de basquete, outros oito ocupantes da aeronave morreram no acidente, inclusive, uma filha de Kobe.<\/p>\n<p style=\"text-align: justify;\">O acidente ocorreu no dia seguinte de Kobe ser ultrapassado por LeBron James no posto de terceiro maior pontuador da hist\u00f3ria da NBA \u2013 fato que foi repercutido pelo pr\u00f3prio Kobe, parabenizando LeBron. Kobe atuou por 20 anos defendendo o Los Angeles Lakers, faturando cinco vezes o t\u00edtulo. Ao longo de cinco anos tamb\u00e9m jogou na sele\u00e7\u00e3o dos Estados Unidos, pela qual conquistou duas medalhas de ouro em Jogos Ol\u00edmpicos.\u00a0<\/p>\n<p style=\"text-align: justify;\">Segundo informa\u00e7\u00f5es da pol\u00edcia de Los Angeles, o helic\u00f3ptero caiu por volta das 10h locais \u2013 cerca de 15h no hor\u00e1rio de Bras\u00edlia. A causa<span style=\"font-size: inherit;\">o acidente ainda n\u00e3o foi divulgada.<\/span><\/p>\n\n\n<figure class=\"wp-block-image size-large\"><img loading=\"lazy\" decoding=\"async\" width=\"360\" height=\"270\" src=\"http:\/\/blogdoedvaldomagalhaes.com.br\/wp-content\/uploads\/2020\/01\/IMG-20200126-WA0114.jpg\" alt=\"\" class=\"wp-image-51171\" srcset=\"https:\/\/blogdoedvaldomagalhaes.com.br\/wp-content\/uploads\/2020\/01\/IMG-20200126-WA0114.jpg 360w, https:\/\/blogdoedvaldomagalhaes.com.br\/wp-content\/uploads\/2020\/01\/IMG-20200126-WA0114-300x225.jpg 300w, https:\/\/blogdoedvaldomagalhaes.com.br\/wp-content\/uploads\/2020\/01\/IMG-20200126-WA0114-160x120.jpg 160w\" sizes=\"auto, (max-width: 360px) 100vw, 360px\" \/><\/figure>\n\n\n\n<figure class=\"wp-block-image size-large\"><img loading=\"lazy\" decoding=\"async\" width=\"680\" height=\"510\" src=\"http:\/\/blogdoedvaldomagalhaes.com.br\/wp-content\/uploads\/2020\/01\/IMG-20200126-WA0113.jpg\" alt=\"\" class=\"wp-image-51173\" srcset=\"https:\/\/blogdoedvaldomagalhaes.com.br\/wp-content\/uploads\/2020\/01\/IMG-20200126-WA0113.jpg 680w, https:\/\/blogdoedvaldomagalhaes.com.br\/wp-content\/uploads\/2020\/01\/IMG-20200126-WA0113-300x225.jpg 300w, https:\/\/blogdoedvaldomagalhaes.com.br\/wp-content\/uploads\/2020\/01\/IMG-20200126-WA0113-160x120.jpg 160w\" sizes=\"auto, (max-width: 680px) 100vw, 680px\" \/><\/figure>\n\n\n\n<figure class=\"wp-block-image size-large\"><img loading=\"lazy\" decoding=\"async\" width=\"800\" height=\"533\" src=\"http:\/\/blogdoedvaldomagalhaes.com.br\/wp-content\/uploads\/2020\/01\/IMG-20200126-WA0116.jpg\" alt=\"\" class=\"wp-image-51174\" srcset=\"https:\/\/blogdoedvaldomagalhaes.com.br\/wp-content\/uploads\/2020\/01\/IMG-20200126-WA0116.jpg 800w, https:\/\/blogdoedvaldomagalhaes.com.br\/wp-content\/uploads\/2020\/01\/IMG-20200126-WA0116-300x200.jpg 300w, https:\/\/blogdoedvaldomagalhaes.com.br\/wp-content\/uploads\/2020\/01\/IMG-20200126-WA0116-768x512.jpg 768w\" sizes=\"auto, (max-width: 800px) 100vw, 800px\" \/><\/figure>\n\n\n\n<figure class=\"wp-block-image size-large\"><img loading=\"lazy\" decoding=\"async\" width=\"474\" height=\"315\" src=\"http:\/\/blogdoedvaldomagalhaes.com.br\/wp-content\/uploads\/2020\/01\/IMG-20200126-WA0117.jpg\" alt=\"\" class=\"wp-image-51175\" srcset=\"https:\/\/blogdoedvaldomagalhaes.com.br\/wp-content\/uploads\/2020\/01\/IMG-20200126-WA0117.jpg 474w, https:\/\/blogdoedvaldomagalhaes.com.br\/wp-content\/uploads\/2020\/01\/IMG-20200126-WA0117-300x199.jpg 300w\" sizes=\"auto, (max-width: 474px) 100vw, 474px\" \/><\/figure>\n\n\n\n<figure class=\"wp-block-image size-large\"><img loading=\"lazy\" decoding=\"async\" width=\"790\" height=\"444\" src=\"http:\/\/blogdoedvaldomagalhaes.com.br\/wp-content\/uploads\/2020\/01\/kobe_bryan_790x444_26012020172509.jpg\" alt=\"\" class=\"wp-image-51176\" srcset=\"https:\/\/blogdoedvaldomagalhaes.com.br\/wp-content\/uploads\/2020\/01\/kobe_bryan_790x444_26012020172509.jpg 790w, https:\/\/blogdoedvaldomagalhaes.com.br\/wp-content\/uploads\/2020\/01\/kobe_bryan_790x444_26012020172509-300x169.jpg 300w, https:\/\/blogdoedvaldomagalhaes.com.br\/wp-content\/uploads\/2020\/01\/kobe_bryan_790x444_26012020172509-768x432.jpg 768w, https:\/\/blogdoedvaldomagalhaes.com.br\/wp-content\/uploads\/2020\/01\/kobe_bryan_790x444_26012020172509-720x405.jpg 720w\" sizes=\"auto, (max-width: 790px) 100vw, 790px\" \/><figcaption>Foto: Reprodu\u00e7\u00e3o\/Redes Sociais<\/figcaption><\/figure>\n","protected":false},"excerpt":{"rendered":"<p>Um dos principais nomes da hist\u00f3ria do basquete americano, Kobe Bryant morreu aos 41 anos de idade, neste domingo (26),&hellip;<\/p>\n","protected":false},"author":1,"featured_media":51170,"comment_status":"open","ping_status":"open","sticky":false,"template":"","format":"standard","meta":{"footnotes":""},"categories":[14120],"tags":[2,16881,17164],"class_list":["post-51169","post","type-post","status-publish","format-standard","has-post-thumbnail","hentry","category-noticias","tag-blog-do-edvaldo-magalhaes","tag-caruaru-e-regiao","tag-morre-o-astro-da-nba-em-acidente-de-helicoptero"],"_links":{"self":[{"href":"https:\/\/blogdoedvaldomagalhaes.com.br\/index.php\/wp-json\/wp\/v2\/posts\/51169","targetHints":{"allow":["GET"]}}],"collection":[{"href":"https:\/\/blogdoedvaldomagalhaes.com.br\/index.php\/wp-json\/wp\/v2\/posts"}],"about":[{"href":"https:\/\/blogdoedvaldomagalhaes.com.br\/index.php\/wp-json\/wp\/v2\/types\/post"}],"author":[{"embeddable":true,"href":"https:\/\/blogdoedvaldomagalhaes.com.br\/index.php\/wp-json\/wp\/v2\/users\/1"}],"replies":[{"embeddable":true,"href":"https:\/\/blogdoedvaldomagalhaes.com.br\/index.php\/wp-json\/wp\/v2\/comments?post=51169"}],"version-history":[{"count":3,"href":"https:\/\/blogdoedvaldomagalhaes.com.br\/index.php\/wp-json\/wp\/v2\/posts\/51169\/revisions"}],"predecessor-version":[{"id":51179,"href":"https:\/\/blogdoedvaldomagalhaes.com.br\/index.php\/wp-json\/wp\/v2\/posts\/51169\/revisions\/51179"}],"wp:featuredmedia":[{"embeddable":true,"href":"https:\/\/blogdoedvaldomagalhaes.com.br\/index.php\/wp-json\/wp\/v2\/media\/51170"}],"wp:attachment":[{"href":"https:\/\/blogdoedvaldomagalhaes.com.br\/index.php\/wp-json\/wp\/v2\/media?parent=51169"}],"wp:term":[{"taxonomy":"category","embeddable":true,"href":"https:\/\/blogdoedvaldomagalhaes.com.br\/index.php\/wp-json\/wp\/v2\/categories?post=51169"},{"taxonomy":"post_tag","embeddable":true,"href":"https:\/\/blogdoedvaldomagalhaes.com.br\/index.php\/wp-json\/wp\/v2\/tags?post=51169"}],"curies":[{"name":"wp","href":"https:\/\/api.w.org\/{rel}","templated":true}]}}