{"id":51155,"date":"2020-01-25T21:54:30","date_gmt":"2020-01-26T00:54:30","guid":{"rendered":"http:\/\/blogdoedvaldomagalhaes.com.br\/?p=51155"},"modified":"2020-01-26T08:00:14","modified_gmt":"2020-01-26T11:00:14","slug":"central-empata-com-o-salgueiro-no-sertao-de-pernambuco","status":"publish","type":"post","link":"https:\/\/blogdoedvaldomagalhaes.com.br\/index.php\/2020\/01\/25\/central-empata-com-o-salgueiro-no-sertao-de-pernambuco\/","title":{"rendered":"Central empata com o Salgueiro no Sert\u00e3o de Pernambuco"},"content":{"rendered":"<p style=\"text-align: justify;\">O Central conquistou o primeiro ponto no Campeonato Pernambucano da S\u00e9rie A1 2020, ao empatar com o Salgueiro por 1 a 1, no Est\u00e1dio Corn\u00e9lio de Barros, no Sert\u00e3o de Pernambuco, na noite deste s\u00e1bado (25). Richard abriu o placar para o Carcar\u00e1 e Leandro Costa empatou para a Patativa, gols marcados no 1\u00b0 tempo. O zagueiro e capit\u00e3o do Salgueiro, Ranieri foi expulso no 2\u00b0 tempo.<\/p>\n<p style=\"text-align: justify;\">O Central que estreiou no Estadual perdendo em casa para o Retr\u00f4 por 2 a 0, empatou com o Salgueiro fora de casa, e voltar a jogar nesta ter\u00e7a-feira (28), contra o Sport, na Arena de Pernambuco.<\/p>\n<p style=\"text-align: justify;\">O Salgueiro volta a jogar pelo Campeonato Pernambucano da S\u00e9rie A1, no pr\u00f3ximo domingo (02), contra o Petrolina, \u00e0s 16h, no Est\u00e1dio Corn\u00e9lio de Barros.<\/p>\n<p>Foto: Carlos Recupero\/Central Sport Club.<\/p>\n","protected":false},"excerpt":{"rendered":"<p>O Central conquistou o primeiro ponto no Campeonato Pernambucano da S\u00e9rie A1 2020, ao empatar com o Salgueiro por 1&hellip;<\/p>\n","protected":false},"author":1,"featured_media":51156,"comment_status":"open","ping_status":"open","sticky":false,"template":"","format":"standard","meta":{"footnotes":""},"categories":[14124],"tags":[2,16881,17159],"class_list":["post-51155","post","type-post","status-publish","format-standard","has-post-thumbnail","hentry","category-centralsc","tag-blog-do-edvaldo-magalhaes","tag-caruaru-e-regiao","tag-central-empata-com-o-salgueiro-no-sertao-de-pernambuco"],"_links":{"self":[{"href":"https:\/\/blogdoedvaldomagalhaes.com.br\/index.php\/wp-json\/wp\/v2\/posts\/51155","targetHints":{"allow":["GET"]}}],"collection":[{"href":"https:\/\/blogdoedvaldomagalhaes.com.br\/index.php\/wp-json\/wp\/v2\/posts"}],"about":[{"href":"https:\/\/blogdoedvaldomagalhaes.com.br\/index.php\/wp-json\/wp\/v2\/types\/post"}],"author":[{"embeddable":true,"href":"https:\/\/blogdoedvaldomagalhaes.com.br\/index.php\/wp-json\/wp\/v2\/users\/1"}],"replies":[{"embeddable":true,"href":"https:\/\/blogdoedvaldomagalhaes.com.br\/index.php\/wp-json\/wp\/v2\/comments?post=51155"}],"version-history":[{"count":3,"href":"https:\/\/blogdoedvaldomagalhaes.com.br\/index.php\/wp-json\/wp\/v2\/posts\/51155\/revisions"}],"predecessor-version":[{"id":51159,"href":"https:\/\/blogdoedvaldomagalhaes.com.br\/index.php\/wp-json\/wp\/v2\/posts\/51155\/revisions\/51159"}],"wp:featuredmedia":[{"embeddable":true,"href":"https:\/\/blogdoedvaldomagalhaes.com.br\/index.php\/wp-json\/wp\/v2\/media\/51156"}],"wp:attachment":[{"href":"https:\/\/blogdoedvaldomagalhaes.com.br\/index.php\/wp-json\/wp\/v2\/media?parent=51155"}],"wp:term":[{"taxonomy":"category","embeddable":true,"href":"https:\/\/blogdoedvaldomagalhaes.com.br\/index.php\/wp-json\/wp\/v2\/categories?post=51155"},{"taxonomy":"post_tag","embeddable":true,"href":"https:\/\/blogdoedvaldomagalhaes.com.br\/index.php\/wp-json\/wp\/v2\/tags?post=51155"}],"curies":[{"name":"wp","href":"https:\/\/api.w.org\/{rel}","templated":true}]}}