{"id":51149,"date":"2020-01-25T10:21:42","date_gmt":"2020-01-25T13:21:42","guid":{"rendered":"http:\/\/blogdoedvaldomagalhaes.com.br\/?p=51149"},"modified":"2020-01-25T15:57:39","modified_gmt":"2020-01-25T18:57:39","slug":"colisao-entre-dois-carros-com-vitima-fatal-na-pe-160-em-santa-cruz-do-capibaribe","status":"publish","type":"post","link":"https:\/\/blogdoedvaldomagalhaes.com.br\/index.php\/2020\/01\/25\/colisao-entre-dois-carros-com-vitima-fatal-na-pe-160-em-santa-cruz-do-capibaribe\/","title":{"rendered":"Colis\u00e3o entre dois carros com v\u00edtima fatal na PE-160 em Santa Cruz do Capibaribe"},"content":{"rendered":"<div style=\"text-align: justify;\">O grave acidente de tr\u00e2nsito ocorreu na madrugada deste s\u00e1bado (25), na PE-160, no per\u00edmetro urbano de Santa Cruz do Capibaribe, no Agreste de Pernambuco.<\/div>\n<div style=\"text-align: justify;\">\u00a0<\/div>\n<div style=\"text-align: justify;\">A v\u00edtima fatal foi Silvestre da Silva Faustino, de 28 anos, que dirigia um ve\u00edculo Fiat Uno, que ao passar em um cruzamento na referida rodovia foi atingido por um ve\u00edculo Audi de cor branca e placas QFQ-6768-Jo\u00e3o Pessoa, perdendo o controle da dire\u00e7\u00e3o e capotando. Silvestre foi retirado do ve\u00edculo por populares e levado para a UPA 24h, falecendo em seguida, enquanto que os ocupantes do outro Audi sofreram algumas escoria\u00e7\u00f5es, e foram embora do local sem prestar socorro ao condutor do Fiat.<\/div>\n\n\n<figure class=\"wp-block-image size-large\"><img loading=\"lazy\" decoding=\"async\" width=\"583\" height=\"887\" src=\"http:\/\/blogdoedvaldomagalhaes.com.br\/wp-content\/uploads\/2020\/01\/IMG-20200125-WA0035.jpg\" alt=\"\" class=\"wp-image-51152\" srcset=\"https:\/\/blogdoedvaldomagalhaes.com.br\/wp-content\/uploads\/2020\/01\/IMG-20200125-WA0035.jpg 583w, https:\/\/blogdoedvaldomagalhaes.com.br\/wp-content\/uploads\/2020\/01\/IMG-20200125-WA0035-197x300.jpg 197w\" sizes=\"auto, (max-width: 583px) 100vw, 583px\" \/><figcaption>V\u00edtima fatal <\/figcaption><\/figure>\n","protected":false},"excerpt":{"rendered":"<p>O grave acidente de tr\u00e2nsito ocorreu na madrugada deste s\u00e1bado (25), na PE-160, no per\u00edmetro urbano de Santa Cruz do&hellip;<\/p>\n","protected":false},"author":1,"featured_media":51150,"comment_status":"open","ping_status":"open","sticky":false,"template":"","format":"standard","meta":{"footnotes":""},"categories":[14120],"tags":[2,16881,17158],"class_list":["post-51149","post","type-post","status-publish","format-standard","has-post-thumbnail","hentry","category-noticias","tag-blog-do-edvaldo-magalhaes","tag-caruaru-e-regiao","tag-colisao-entre-dois-carros-com-vitima-fatal-na-pe-160-em-santa-cruz-do-capibaribe"],"_links":{"self":[{"href":"https:\/\/blogdoedvaldomagalhaes.com.br\/index.php\/wp-json\/wp\/v2\/posts\/51149","targetHints":{"allow":["GET"]}}],"collection":[{"href":"https:\/\/blogdoedvaldomagalhaes.com.br\/index.php\/wp-json\/wp\/v2\/posts"}],"about":[{"href":"https:\/\/blogdoedvaldomagalhaes.com.br\/index.php\/wp-json\/wp\/v2\/types\/post"}],"author":[{"embeddable":true,"href":"https:\/\/blogdoedvaldomagalhaes.com.br\/index.php\/wp-json\/wp\/v2\/users\/1"}],"replies":[{"embeddable":true,"href":"https:\/\/blogdoedvaldomagalhaes.com.br\/index.php\/wp-json\/wp\/v2\/comments?post=51149"}],"version-history":[{"count":3,"href":"https:\/\/blogdoedvaldomagalhaes.com.br\/index.php\/wp-json\/wp\/v2\/posts\/51149\/revisions"}],"predecessor-version":[{"id":51154,"href":"https:\/\/blogdoedvaldomagalhaes.com.br\/index.php\/wp-json\/wp\/v2\/posts\/51149\/revisions\/51154"}],"wp:featuredmedia":[{"embeddable":true,"href":"https:\/\/blogdoedvaldomagalhaes.com.br\/index.php\/wp-json\/wp\/v2\/media\/51150"}],"wp:attachment":[{"href":"https:\/\/blogdoedvaldomagalhaes.com.br\/index.php\/wp-json\/wp\/v2\/media?parent=51149"}],"wp:term":[{"taxonomy":"category","embeddable":true,"href":"https:\/\/blogdoedvaldomagalhaes.com.br\/index.php\/wp-json\/wp\/v2\/categories?post=51149"},{"taxonomy":"post_tag","embeddable":true,"href":"https:\/\/blogdoedvaldomagalhaes.com.br\/index.php\/wp-json\/wp\/v2\/tags?post=51149"}],"curies":[{"name":"wp","href":"https:\/\/api.w.org\/{rel}","templated":true}]}}