{"id":51145,"date":"2020-01-25T09:58:20","date_gmt":"2020-01-25T12:58:20","guid":{"rendered":"http:\/\/blogdoedvaldomagalhaes.com.br\/?p=51145"},"modified":"2020-01-25T09:59:12","modified_gmt":"2020-01-25T12:59:12","slug":"caruaru-unifavipwyden-oferece-cursos-de-ferias-gratuitos","status":"publish","type":"post","link":"https:\/\/blogdoedvaldomagalhaes.com.br\/index.php\/2020\/01\/25\/caruaru-unifavipwyden-oferece-cursos-de-ferias-gratuitos\/","title":{"rendered":"Caruaru: Unifavip|Wyden oferece cursos de f\u00e9rias gratuitos"},"content":{"rendered":"<p style=\"text-align: justify;\"><span style=\"font-size: inherit;\">O Centro Universit\u00e1rio Unifavip | Wyden acaba de abrir inscri\u00e7\u00f5es para 23 cursos extracurriculares nas mais diversas \u00e1reas. Uma oportunidade e tanto para quem quer aproveitar o tempo livre e ampliar os conhecimentos. Todos os cursos s\u00e3o abertos ao p\u00fablico, com inscri\u00e7\u00f5es gratuitas. Mas \u00e9 bom ficar atento, porque as vagas s\u00e3o limitadas.<\/span><\/p>\n<p style=\"text-align: justify;\">Os interessados podem escolher entre sa\u00fade, economia, idiomas, tecnologia, mec\u00e2nica, veterin\u00e1ria, nutri\u00e7\u00e3o, educa\u00e7\u00e3o f\u00edsica, gastronomia, etc. Os cursos v\u00e3o desde Conversa\u00e7\u00e3o em Ingl\u00eas, Massagem Modeladora, Introdu\u00e7\u00e3o \u00e0 bolsa de Valores e Desenho Livre, at\u00e9 Algoritmos B\u00e1sicos para Jogos e 2D, Uso Racional de Medicamentos e muitos outros.<\/p>\n<p style=\"text-align: justify;\">Todos os detalhes, incluindo a lista completa dos cursos, datas, hor\u00e1rios e professores est\u00e3o dispon\u00edveis no site www.wyden.com.br\/unifavip, onde tamb\u00e9m podem ser feitas as inscri\u00e7\u00f5es. Vale lembrar novamente que, apesar de gratuitas, as vagas s\u00e3o limitadas, com quantidades determinadas para workshops, palestras e atividades gerais ofertadas no per\u00edodo.<\/p>\n<p style=\"text-align: justify;\">E al\u00e9m de aproveitar o tempo livre para refor\u00e7ar o curr\u00edculo, os alunos Unifavip | Wyden ainda ganham cinco pontos PEX\/Hora-aula em cada atividade em que estiverem inscritos.<\/p>\n","protected":false},"excerpt":{"rendered":"<p>O Centro Universit\u00e1rio Unifavip | Wyden acaba de abrir inscri\u00e7\u00f5es para 23 cursos extracurriculares nas mais diversas \u00e1reas. Uma oportunidade&hellip;<\/p>\n","protected":false},"author":1,"featured_media":51148,"comment_status":"open","ping_status":"open","sticky":false,"template":"","format":"standard","meta":{"footnotes":""},"categories":[14120],"tags":[2,16881,17157],"class_list":["post-51145","post","type-post","status-publish","format-standard","has-post-thumbnail","hentry","category-noticias","tag-blog-do-edvaldo-magalhaes","tag-caruaru-e-regiao","tag-caruaru-unifavipwyden-oferece-cursos-de-ferias-gratuitos"],"_links":{"self":[{"href":"https:\/\/blogdoedvaldomagalhaes.com.br\/index.php\/wp-json\/wp\/v2\/posts\/51145","targetHints":{"allow":["GET"]}}],"collection":[{"href":"https:\/\/blogdoedvaldomagalhaes.com.br\/index.php\/wp-json\/wp\/v2\/posts"}],"about":[{"href":"https:\/\/blogdoedvaldomagalhaes.com.br\/index.php\/wp-json\/wp\/v2\/types\/post"}],"author":[{"embeddable":true,"href":"https:\/\/blogdoedvaldomagalhaes.com.br\/index.php\/wp-json\/wp\/v2\/users\/1"}],"replies":[{"embeddable":true,"href":"https:\/\/blogdoedvaldomagalhaes.com.br\/index.php\/wp-json\/wp\/v2\/comments?post=51145"}],"version-history":[{"count":1,"href":"https:\/\/blogdoedvaldomagalhaes.com.br\/index.php\/wp-json\/wp\/v2\/posts\/51145\/revisions"}],"predecessor-version":[{"id":51147,"href":"https:\/\/blogdoedvaldomagalhaes.com.br\/index.php\/wp-json\/wp\/v2\/posts\/51145\/revisions\/51147"}],"wp:featuredmedia":[{"embeddable":true,"href":"https:\/\/blogdoedvaldomagalhaes.com.br\/index.php\/wp-json\/wp\/v2\/media\/51148"}],"wp:attachment":[{"href":"https:\/\/blogdoedvaldomagalhaes.com.br\/index.php\/wp-json\/wp\/v2\/media?parent=51145"}],"wp:term":[{"taxonomy":"category","embeddable":true,"href":"https:\/\/blogdoedvaldomagalhaes.com.br\/index.php\/wp-json\/wp\/v2\/categories?post=51145"},{"taxonomy":"post_tag","embeddable":true,"href":"https:\/\/blogdoedvaldomagalhaes.com.br\/index.php\/wp-json\/wp\/v2\/tags?post=51145"}],"curies":[{"name":"wp","href":"https:\/\/api.w.org\/{rel}","templated":true}]}}