{"id":51114,"date":"2020-01-24T11:15:25","date_gmt":"2020-01-24T14:15:25","guid":{"rendered":"http:\/\/blogdoedvaldomagalhaes.com.br\/?p=51114"},"modified":"2020-01-24T12:31:52","modified_gmt":"2020-01-24T15:31:52","slug":"caruaru-brincando-nas-ferias-chega-a-zona-rural-neste-fim-de-semana","status":"publish","type":"post","link":"https:\/\/blogdoedvaldomagalhaes.com.br\/index.php\/2020\/01\/24\/caruaru-brincando-nas-ferias-chega-a-zona-rural-neste-fim-de-semana\/","title":{"rendered":"&#8220;Caruaru Brincando nas F\u00e9rias&#8221; chega \u00e0 zona rural neste fim de semana"},"content":{"rendered":"<p style=\"text-align: justify;\"><span style=\"font-size: inherit;\">O projeto itinerante \u201cCaruaru Brincando nas F\u00e9rias\u201d passou por diversas comunidades caruaruenses durante o m\u00eas de janeiro. Neste s\u00e1bado (25), a iniciativa chegar\u00e1 ao S\u00edtio Rafael, na parte da manh\u00e3; e \u00e0 Serra dos Pintos e \u00e0 Serra Verde, no per\u00edodo da tarde. A a\u00e7\u00e3o est\u00e1 sendo promovida pela Prefeitura de Caruaru, atrav\u00e9s da Ger\u00eancia de Esporte e Lazer da Secretaria de Desenvolvimento Social e Direitos Humanos (SDSDH).<\/span><\/p>\n<p style=\"text-align: justify;\">As crian\u00e7as e jovens poder\u00e3o se divertir de gra\u00e7a com brincadeiras e jogos esportivos como futsal, voleibol, pega-congelou, amarelinha, bicho de toca, barra-bandeira, junto \u00e0 equipe de profissionais e estagi\u00e1rios de Educa\u00e7\u00e3o F\u00edsica que participam.<\/p>\n<p style=\"text-align: justify;\">Programa\u00e7\u00e3o:<br \/>25.01- S\u00edtio Rafael (Escola Cesarina Moura) &#8211; 7h30 \u00e0s 10h<br \/>25.01- Serra dos Pintos (na quadra da associa\u00e7\u00e3o) e Serra Verde (pr\u00f3ximo ao posto de sa\u00fade e em frente \u00e0 igreja) &#8211; 15h \u00e0s 17h30<\/p>\n<p>Foto: Arnaldo F\u00e9lix\/Divulga\u00e7\u00e3o.<\/p>\n\n\n<figure class=\"wp-block-image size-large\"><img loading=\"lazy\" decoding=\"async\" width=\"1024\" height=\"1024\" src=\"http:\/\/blogdoedvaldomagalhaes.com.br\/wp-content\/uploads\/2020\/01\/IMG-20200124-WA0049-1024x1024.jpg\" alt=\"\" class=\"wp-image-51116\" srcset=\"https:\/\/blogdoedvaldomagalhaes.com.br\/wp-content\/uploads\/2020\/01\/IMG-20200124-WA0049-1024x1024.jpg 1024w, https:\/\/blogdoedvaldomagalhaes.com.br\/wp-content\/uploads\/2020\/01\/IMG-20200124-WA0049-300x300.jpg 300w, https:\/\/blogdoedvaldomagalhaes.com.br\/wp-content\/uploads\/2020\/01\/IMG-20200124-WA0049-150x150.jpg 150w, https:\/\/blogdoedvaldomagalhaes.com.br\/wp-content\/uploads\/2020\/01\/IMG-20200124-WA0049-768x768.jpg 768w, https:\/\/blogdoedvaldomagalhaes.com.br\/wp-content\/uploads\/2020\/01\/IMG-20200124-WA0049.jpg 1081w\" sizes=\"auto, (max-width: 1024px) 100vw, 1024px\" \/><\/figure>\n","protected":false},"excerpt":{"rendered":"<p>O projeto itinerante \u201cCaruaru Brincando nas F\u00e9rias\u201d passou por diversas comunidades caruaruenses durante o m\u00eas de janeiro. Neste s\u00e1bado (25),&hellip;<\/p>\n","protected":false},"author":1,"featured_media":51115,"comment_status":"open","ping_status":"open","sticky":false,"template":"","format":"standard","meta":{"footnotes":""},"categories":[14120],"tags":[17152,2,16881],"class_list":["post-51114","post","type-post","status-publish","format-standard","has-post-thumbnail","hentry","category-noticias","tag-caruaru-brincando-nas-ferias-chega-a-zona-rural-neste-fim-de-semana","tag-blog-do-edvaldo-magalhaes","tag-caruaru-e-regiao"],"_links":{"self":[{"href":"https:\/\/blogdoedvaldomagalhaes.com.br\/index.php\/wp-json\/wp\/v2\/posts\/51114","targetHints":{"allow":["GET"]}}],"collection":[{"href":"https:\/\/blogdoedvaldomagalhaes.com.br\/index.php\/wp-json\/wp\/v2\/posts"}],"about":[{"href":"https:\/\/blogdoedvaldomagalhaes.com.br\/index.php\/wp-json\/wp\/v2\/types\/post"}],"author":[{"embeddable":true,"href":"https:\/\/blogdoedvaldomagalhaes.com.br\/index.php\/wp-json\/wp\/v2\/users\/1"}],"replies":[{"embeddable":true,"href":"https:\/\/blogdoedvaldomagalhaes.com.br\/index.php\/wp-json\/wp\/v2\/comments?post=51114"}],"version-history":[{"count":3,"href":"https:\/\/blogdoedvaldomagalhaes.com.br\/index.php\/wp-json\/wp\/v2\/posts\/51114\/revisions"}],"predecessor-version":[{"id":51125,"href":"https:\/\/blogdoedvaldomagalhaes.com.br\/index.php\/wp-json\/wp\/v2\/posts\/51114\/revisions\/51125"}],"wp:featuredmedia":[{"embeddable":true,"href":"https:\/\/blogdoedvaldomagalhaes.com.br\/index.php\/wp-json\/wp\/v2\/media\/51115"}],"wp:attachment":[{"href":"https:\/\/blogdoedvaldomagalhaes.com.br\/index.php\/wp-json\/wp\/v2\/media?parent=51114"}],"wp:term":[{"taxonomy":"category","embeddable":true,"href":"https:\/\/blogdoedvaldomagalhaes.com.br\/index.php\/wp-json\/wp\/v2\/categories?post=51114"},{"taxonomy":"post_tag","embeddable":true,"href":"https:\/\/blogdoedvaldomagalhaes.com.br\/index.php\/wp-json\/wp\/v2\/tags?post=51114"}],"curies":[{"name":"wp","href":"https:\/\/api.w.org\/{rel}","templated":true}]}}