{"id":51104,"date":"2020-01-24T10:48:25","date_gmt":"2020-01-24T13:48:25","guid":{"rendered":"http:\/\/blogdoedvaldomagalhaes.com.br\/?p=51104"},"modified":"2020-01-24T10:51:05","modified_gmt":"2020-01-24T13:51:05","slug":"prf-e-pm-apreendem-mais-de-70-kg-de-maconha-na-br-232-em-sao-caetano","status":"publish","type":"post","link":"https:\/\/blogdoedvaldomagalhaes.com.br\/index.php\/2020\/01\/24\/prf-e-pm-apreendem-mais-de-70-kg-de-maconha-na-br-232-em-sao-caetano\/","title":{"rendered":"PRF e PM apreendem mais de 70 kg de maconha na BR 232 em S\u00e3o Caitano"},"content":{"rendered":"<p style=\"text-align: justify;\"><span style=\"font-size: inherit;\">Durante fiscaliza\u00e7\u00e3o, 76 quilos de maconha foram apreendidos pela Pol\u00edcia Rodovi\u00e1ria Federal (PRF) e pela Pol\u00edcia Militar de Pernambuco (PMPE), na noite dessa quinta-feira (23), na BR 232, em S\u00e3o Caetano, no Agreste de Pernambuco. Um dos motoristas afirmou pertencer a organiza\u00e7\u00e3o criminosa comando vermelho.<\/span><\/p>\n<p style=\"text-align: justify;\">A primeira abordagem se deu por volta das 23hs, o motorista do ve\u00edculo apresentou um certo nervosismo, ocasi\u00e3o em que os policias fizeram uma revista minuciosa no carro e encontraram 12 tabletes de maconha embaixo dos bancos do motorista e do passageiro. Ele, ainda, apresentou uma Carteira Nacional de Habilita\u00e7\u00e3o (CNH) falsa e disse que pertencia a organiza\u00e7\u00e3o criminosa comando vermelho. Ap\u00f3s pesagem, foram apreendidos 15.600 quilos de maconha, 01 R\u00e1dio de comunica\u00e7\u00e3o port\u00e1til e a import\u00e2ncia de R$ 502,00 em esp\u00e9cie.<\/p>\n<p style=\"text-align: justify;\">Na sequ\u00eancia, \u00e0s 00h30 a pol\u00edcia deu ordem de parada para outro ve\u00edculo, o condutor desobedeceu e empreendeu fuga, um dos pneus estourou e ele perdeu o controle da dire\u00e7\u00e3o, foi quando os policias conseguiram alcan\u00e7\u00e1-lo. Dentro do carro, havia v\u00e1rios sacos de maconha, totalizando 61 quilos. O ve\u00edculo era clonado e havia sido roubado em outubro de 2010, na cidade de Recife. Foram apreendidos ainda, 01 Celular, R$ 149,00 reais e $ 4,00 d\u00f3lares.<\/p>\n<p style=\"text-align: justify;\">Os dois homens, toda a droga e o dinheiro foram encaminhados para Pol\u00edcia Civil de Belo Jardim, que d\u00e1 continuidade as investiga\u00e7\u00f5es.<\/p>\n\n\n<figure class=\"wp-block-image size-large\"><img loading=\"lazy\" decoding=\"async\" width=\"1024\" height=\"766\" src=\"http:\/\/blogdoedvaldomagalhaes.com.br\/wp-content\/uploads\/2020\/01\/IMG-20200124-WA0043-1024x766.jpg\" alt=\"\" class=\"wp-image-51106\" srcset=\"https:\/\/blogdoedvaldomagalhaes.com.br\/wp-content\/uploads\/2020\/01\/IMG-20200124-WA0043-1024x766.jpg 1024w, https:\/\/blogdoedvaldomagalhaes.com.br\/wp-content\/uploads\/2020\/01\/IMG-20200124-WA0043-300x225.jpg 300w, https:\/\/blogdoedvaldomagalhaes.com.br\/wp-content\/uploads\/2020\/01\/IMG-20200124-WA0043-768x575.jpg 768w, https:\/\/blogdoedvaldomagalhaes.com.br\/wp-content\/uploads\/2020\/01\/IMG-20200124-WA0043-160x120.jpg 160w, https:\/\/blogdoedvaldomagalhaes.com.br\/wp-content\/uploads\/2020\/01\/IMG-20200124-WA0043.jpg 1280w\" sizes=\"auto, (max-width: 1024px) 100vw, 1024px\" \/><\/figure>\n\n\n\n<figure class=\"wp-block-image size-large\"><img loading=\"lazy\" decoding=\"async\" width=\"576\" height=\"1024\" src=\"http:\/\/blogdoedvaldomagalhaes.com.br\/wp-content\/uploads\/2020\/01\/IMG-20200124-WA0046-576x1024.jpg\" alt=\"\" class=\"wp-image-51107\" srcset=\"https:\/\/blogdoedvaldomagalhaes.com.br\/wp-content\/uploads\/2020\/01\/IMG-20200124-WA0046-576x1024.jpg 576w, https:\/\/blogdoedvaldomagalhaes.com.br\/wp-content\/uploads\/2020\/01\/IMG-20200124-WA0046-169x300.jpg 169w, https:\/\/blogdoedvaldomagalhaes.com.br\/wp-content\/uploads\/2020\/01\/IMG-20200124-WA0046.jpg 648w\" sizes=\"auto, (max-width: 576px) 100vw, 576px\" \/><\/figure>\n\n\n\n<figure class=\"wp-block-image size-large\"><img loading=\"lazy\" decoding=\"async\" width=\"1024\" height=\"576\" src=\"http:\/\/blogdoedvaldomagalhaes.com.br\/wp-content\/uploads\/2020\/01\/IMG-20200124-WA0044-1024x576.jpg\" alt=\"\" class=\"wp-image-51108\" srcset=\"https:\/\/blogdoedvaldomagalhaes.com.br\/wp-content\/uploads\/2020\/01\/IMG-20200124-WA0044-1024x576.jpg 1024w, https:\/\/blogdoedvaldomagalhaes.com.br\/wp-content\/uploads\/2020\/01\/IMG-20200124-WA0044-300x169.jpg 300w, https:\/\/blogdoedvaldomagalhaes.com.br\/wp-content\/uploads\/2020\/01\/IMG-20200124-WA0044-768x432.jpg 768w, https:\/\/blogdoedvaldomagalhaes.com.br\/wp-content\/uploads\/2020\/01\/IMG-20200124-WA0044-1140x641.jpg 1140w, https:\/\/blogdoedvaldomagalhaes.com.br\/wp-content\/uploads\/2020\/01\/IMG-20200124-WA0044-720x405.jpg 720w, https:\/\/blogdoedvaldomagalhaes.com.br\/wp-content\/uploads\/2020\/01\/IMG-20200124-WA0044.jpg 1152w\" sizes=\"auto, (max-width: 1024px) 100vw, 1024px\" \/><\/figure>\n\n\n\n<figure class=\"wp-block-image size-large\"><img loading=\"lazy\" decoding=\"async\" width=\"1024\" height=\"768\" src=\"http:\/\/blogdoedvaldomagalhaes.com.br\/wp-content\/uploads\/2020\/01\/IMG-20200124-WA0048-1024x768.jpg\" alt=\"\" class=\"wp-image-51109\" srcset=\"https:\/\/blogdoedvaldomagalhaes.com.br\/wp-content\/uploads\/2020\/01\/IMG-20200124-WA0048-1024x768.jpg 1024w, https:\/\/blogdoedvaldomagalhaes.com.br\/wp-content\/uploads\/2020\/01\/IMG-20200124-WA0048-300x225.jpg 300w, https:\/\/blogdoedvaldomagalhaes.com.br\/wp-content\/uploads\/2020\/01\/IMG-20200124-WA0048-768x576.jpg 768w, https:\/\/blogdoedvaldomagalhaes.com.br\/wp-content\/uploads\/2020\/01\/IMG-20200124-WA0048-160x120.jpg 160w, https:\/\/blogdoedvaldomagalhaes.com.br\/wp-content\/uploads\/2020\/01\/IMG-20200124-WA0048.jpg 1152w\" sizes=\"auto, (max-width: 1024px) 100vw, 1024px\" \/><\/figure>\n\n\n\n<figure class=\"wp-block-image size-large\"><img loading=\"lazy\" decoding=\"async\" width=\"1024\" height=\"768\" src=\"http:\/\/blogdoedvaldomagalhaes.com.br\/wp-content\/uploads\/2020\/01\/IMG-20200124-WA0045-1024x768.jpg\" alt=\"\" class=\"wp-image-51110\" srcset=\"https:\/\/blogdoedvaldomagalhaes.com.br\/wp-content\/uploads\/2020\/01\/IMG-20200124-WA0045-1024x768.jpg 1024w, https:\/\/blogdoedvaldomagalhaes.com.br\/wp-content\/uploads\/2020\/01\/IMG-20200124-WA0045-300x225.jpg 300w, https:\/\/blogdoedvaldomagalhaes.com.br\/wp-content\/uploads\/2020\/01\/IMG-20200124-WA0045-768x576.jpg 768w, https:\/\/blogdoedvaldomagalhaes.com.br\/wp-content\/uploads\/2020\/01\/IMG-20200124-WA0045-160x120.jpg 160w, https:\/\/blogdoedvaldomagalhaes.com.br\/wp-content\/uploads\/2020\/01\/IMG-20200124-WA0045.jpg 1152w\" sizes=\"auto, (max-width: 1024px) 100vw, 1024px\" \/><figcaption>Informa\u00e7\u00f5es e fotos: PRF<\/figcaption><\/figure>\n","protected":false},"excerpt":{"rendered":"<p>Durante fiscaliza\u00e7\u00e3o, 76 quilos de maconha foram apreendidos pela Pol\u00edcia Rodovi\u00e1ria Federal (PRF) e pela Pol\u00edcia Militar de Pernambuco (PMPE),&hellip;<\/p>\n","protected":false},"author":1,"featured_media":51105,"comment_status":"open","ping_status":"open","sticky":false,"template":"","format":"standard","meta":{"footnotes":""},"categories":[14121],"tags":[2,16881,17151],"class_list":["post-51104","post","type-post","status-publish","format-standard","has-post-thumbnail","hentry","category-policial","tag-blog-do-edvaldo-magalhaes","tag-caruaru-e-regiao","tag-prf-e-pm-apreendem-mais-de-70-kg-de-maconha-na-br-232-em-sao-caetano"],"_links":{"self":[{"href":"https:\/\/blogdoedvaldomagalhaes.com.br\/index.php\/wp-json\/wp\/v2\/posts\/51104","targetHints":{"allow":["GET"]}}],"collection":[{"href":"https:\/\/blogdoedvaldomagalhaes.com.br\/index.php\/wp-json\/wp\/v2\/posts"}],"about":[{"href":"https:\/\/blogdoedvaldomagalhaes.com.br\/index.php\/wp-json\/wp\/v2\/types\/post"}],"author":[{"embeddable":true,"href":"https:\/\/blogdoedvaldomagalhaes.com.br\/index.php\/wp-json\/wp\/v2\/users\/1"}],"replies":[{"embeddable":true,"href":"https:\/\/blogdoedvaldomagalhaes.com.br\/index.php\/wp-json\/wp\/v2\/comments?post=51104"}],"version-history":[{"count":2,"href":"https:\/\/blogdoedvaldomagalhaes.com.br\/index.php\/wp-json\/wp\/v2\/posts\/51104\/revisions"}],"predecessor-version":[{"id":51113,"href":"https:\/\/blogdoedvaldomagalhaes.com.br\/index.php\/wp-json\/wp\/v2\/posts\/51104\/revisions\/51113"}],"wp:featuredmedia":[{"embeddable":true,"href":"https:\/\/blogdoedvaldomagalhaes.com.br\/index.php\/wp-json\/wp\/v2\/media\/51105"}],"wp:attachment":[{"href":"https:\/\/blogdoedvaldomagalhaes.com.br\/index.php\/wp-json\/wp\/v2\/media?parent=51104"}],"wp:term":[{"taxonomy":"category","embeddable":true,"href":"https:\/\/blogdoedvaldomagalhaes.com.br\/index.php\/wp-json\/wp\/v2\/categories?post=51104"},{"taxonomy":"post_tag","embeddable":true,"href":"https:\/\/blogdoedvaldomagalhaes.com.br\/index.php\/wp-json\/wp\/v2\/tags?post=51104"}],"curies":[{"name":"wp","href":"https:\/\/api.w.org\/{rel}","templated":true}]}}