{"id":5110,"date":"2017-08-11T10:44:00","date_gmt":"2017-08-11T13:44:00","guid":{"rendered":"http:\/\/blogdoedvaldomagalhaes.com.br\/index.php\/2017\/08\/11\/quatro-assaltantes-forampresos-no-fina\/"},"modified":"2019-02-09T01:38:39","modified_gmt":"2019-02-09T03:38:39","slug":"quatro-assaltantes-forampresos-no-fina","status":"publish","type":"post","link":"https:\/\/blogdoedvaldomagalhaes.com.br\/index.php\/2017\/08\/11\/quatro-assaltantes-forampresos-no-fina\/","title":{"rendered":"Quatro assaltantes s\u00e3o presos em Caruaru e um \u00e9 baleado"},"content":{"rendered":"<div style=\"background: white; line-height: 18.0pt; margin-bottom: 7.5pt; margin-left: 0cm; margin-right: 0cm; margin-top: 0cm; text-align: justify;\">\n<div class=\"separator\" style=\"clear: both; text-align: center;\">\n<\/div>\n<div class=\"separator\" style=\"clear: both; text-align: center;\">\n<\/div>\n<div class=\"separator\" style=\"clear: both; text-align: center;\">\n<a href=\"https:\/\/2.bp.blogspot.com\/-N7CJdvc-nqw\/WY2KxpJZWuI\/AAAAAAAAbTk\/H4RZVe3NX3wtMHq40bRwpTPKbQrRQxAjQCLcBGAs\/s1600\/pm.jpg\" imageanchor=\"1\" style=\"margin-left: 1em; margin-right: 1em;\"><img loading=\"lazy\" decoding=\"async\" border=\"0\" data-original-height=\"240\" data-original-width=\"320\" height=\"300\" src=\"http:\/\/blogdoedvaldomagalhaes.com.br\/wp-content\/uploads\/2017\/08\/pm-1.jpg\" width=\"400\" \/><\/a><\/div>\n<div class=\"separator\" style=\"clear: both; text-align: center;\">\n<\/div>\n<p><\/div>\n<div style=\"background: white; line-height: 18.0pt; margin-bottom: 7.5pt; margin-left: 0cm; margin-right: 0cm; margin-top: 0cm; text-align: justify;\">\nQuatro assaltantes foram<br \/>\npresos no final da noite desta quinta-feira (10), em Caruaru, em duas a\u00e7\u00f5es<br \/>\npoliciais.Na Rua Ribeir\u00e3o, Boa Vista, foram presos Gilliard Christophe Silva<br \/>\nNeves, 29 anos, e Andr\u00e9 Nascimento de Azevedo, 33. Com eles, os policiais<br \/>\napreenderam um FIAT, tomado de assalto de uma empres\u00e1ria, uma motocicleta, dois<br \/>\ncapacetes, celulares e um simulacro de pistola, al\u00e9m de 79 reais em esp\u00e9cie.<\/div>\n<div style=\"background: white; box-sizing: border-box; line-height: 18pt; margin: 0cm 0cm 7.5pt; text-align: justify;\">\nNa outra a\u00e7\u00e3o policial, na Ponte Irm\u00e3 Jer\u00f4nima, que liga os<br \/>\nbairros Riach\u00e3o e Indian\u00f3polis, foram presos Paulo Marcelo de Almeida Feitosa e<br \/>\nS\u00e9rgio Murilo da Silva, ambos com 32 anos. Eles estavam com um rev\u00f3lver calibre<br \/>\n22, um simulacro de rev\u00f3lver e uma faca.<\/div>\n<p><\/p>\n<div style=\"background: white; box-sizing: border-box; line-height: 18pt; margin: 0cm 0cm 7.5pt; text-align: justify;\">\nDurante persegui\u00e7\u00e3o, S\u00e9rgio Murilo pulou um muro e jogou o<br \/>\nsimulacro e a faca no ch\u00e3o. J\u00e1 Paulo Marcelo efetuou um disparo contra a<br \/>\nguarni\u00e7\u00e3o, que revidou. Murilo foi baleado e conduzido ao Hospital Regional do<br \/>\nAgreste, medicado e encaminhado para a Delegacia de Plant\u00e3o, junto com&nbsp;Marcelo.<\/div>\n","protected":false},"excerpt":{"rendered":"<p>Quatro assaltantes foram presos no final da noite desta quinta-feira (10), em Caruaru, em duas a\u00e7\u00f5es policiais.Na Rua Ribeir\u00e3o, Boa&hellip;<\/p>\n","protected":false},"author":1,"featured_media":0,"comment_status":"open","ping_status":"open","sticky":false,"template":"","format":"standard","meta":{"footnotes":""},"categories":[1],"tags":[3913,2,13,6643,6644],"class_list":["post-5110","post","type-post","status-publish","format-standard","hentry","category-sem-categoria","tag-bairro-riachao","tag-blog-do-edvaldo-magalhaes","tag-policial","tag-ponte-irma-jeronima","tag-quatro-assaltantes-sao-presos-em-caruaru-e-um-e-baleado"],"_links":{"self":[{"href":"https:\/\/blogdoedvaldomagalhaes.com.br\/index.php\/wp-json\/wp\/v2\/posts\/5110","targetHints":{"allow":["GET"]}}],"collection":[{"href":"https:\/\/blogdoedvaldomagalhaes.com.br\/index.php\/wp-json\/wp\/v2\/posts"}],"about":[{"href":"https:\/\/blogdoedvaldomagalhaes.com.br\/index.php\/wp-json\/wp\/v2\/types\/post"}],"author":[{"embeddable":true,"href":"https:\/\/blogdoedvaldomagalhaes.com.br\/index.php\/wp-json\/wp\/v2\/users\/1"}],"replies":[{"embeddable":true,"href":"https:\/\/blogdoedvaldomagalhaes.com.br\/index.php\/wp-json\/wp\/v2\/comments?post=5110"}],"version-history":[{"count":1,"href":"https:\/\/blogdoedvaldomagalhaes.com.br\/index.php\/wp-json\/wp\/v2\/posts\/5110\/revisions"}],"predecessor-version":[{"id":22930,"href":"https:\/\/blogdoedvaldomagalhaes.com.br\/index.php\/wp-json\/wp\/v2\/posts\/5110\/revisions\/22930"}],"wp:attachment":[{"href":"https:\/\/blogdoedvaldomagalhaes.com.br\/index.php\/wp-json\/wp\/v2\/media?parent=5110"}],"wp:term":[{"taxonomy":"category","embeddable":true,"href":"https:\/\/blogdoedvaldomagalhaes.com.br\/index.php\/wp-json\/wp\/v2\/categories?post=5110"},{"taxonomy":"post_tag","embeddable":true,"href":"https:\/\/blogdoedvaldomagalhaes.com.br\/index.php\/wp-json\/wp\/v2\/tags?post=5110"}],"curies":[{"name":"wp","href":"https:\/\/api.w.org\/{rel}","templated":true}]}}