{"id":51099,"date":"2020-01-24T08:36:32","date_gmt":"2020-01-24T11:36:32","guid":{"rendered":"http:\/\/blogdoedvaldomagalhaes.com.br\/?p=51099"},"modified":"2020-01-24T08:59:07","modified_gmt":"2020-01-24T11:59:07","slug":"tentativa-de-homicidio-na-zona-rural-de-caruaru-nessa-quinta-23","status":"publish","type":"post","link":"https:\/\/blogdoedvaldomagalhaes.com.br\/index.php\/2020\/01\/24\/tentativa-de-homicidio-na-zona-rural-de-caruaru-nessa-quinta-23\/","title":{"rendered":"Tentativa de Homic\u00eddio na zona rural de Caruaru nessa quinta (23)"},"content":{"rendered":"<p style=\"text-align: justify;\">A tentativa de homic\u00eddio ocorreu no in\u00edcio da noite dessa quinta-feira (23), a v\u00edtima foi Wanderley Jos\u00e9 da Silva, de 27 anos de idade, foi atingido por dois disparos de arma de fogo, sendo um no bra\u00e7o e outro nas costas, quando estava no s\u00edtio Taquara de Cima, zona rural de Caruaru. A v\u00edtima foi socorrida pelo Samu para o Hospital Regional do Agreste (HRA), onde deu entrada desacordado, e o seu estado cl\u00ednico \u00e9 inst\u00e1vel. A pol\u00edcia informou que Wanderkey, \u00e9 foragido do pres\u00eddio de Canhotinho, de onde saiu para passar uma semana com a fam\u00edlia e n\u00e3o retornou para a unidade prisional.<\/p>\n<p>Informa\u00e7\u00f5es: R\u00e1dio Liberdade.<\/p>\n","protected":false},"excerpt":{"rendered":"<p>A tentativa de homic\u00eddio ocorreu no in\u00edcio da noite dessa quinta-feira (23), a v\u00edtima foi Wanderley Jos\u00e9 da Silva, de&hellip;<\/p>\n","protected":false},"author":1,"featured_media":51100,"comment_status":"open","ping_status":"open","sticky":false,"template":"","format":"standard","meta":{"footnotes":""},"categories":[14121],"tags":[2,16881,17150],"class_list":["post-51099","post","type-post","status-publish","format-standard","has-post-thumbnail","hentry","category-policial","tag-blog-do-edvaldo-magalhaes","tag-caruaru-e-regiao","tag-tentativa-de-homicidio-na-zona-rural-de-caruaru-nessa-quinta-23"],"_links":{"self":[{"href":"https:\/\/blogdoedvaldomagalhaes.com.br\/index.php\/wp-json\/wp\/v2\/posts\/51099","targetHints":{"allow":["GET"]}}],"collection":[{"href":"https:\/\/blogdoedvaldomagalhaes.com.br\/index.php\/wp-json\/wp\/v2\/posts"}],"about":[{"href":"https:\/\/blogdoedvaldomagalhaes.com.br\/index.php\/wp-json\/wp\/v2\/types\/post"}],"author":[{"embeddable":true,"href":"https:\/\/blogdoedvaldomagalhaes.com.br\/index.php\/wp-json\/wp\/v2\/users\/1"}],"replies":[{"embeddable":true,"href":"https:\/\/blogdoedvaldomagalhaes.com.br\/index.php\/wp-json\/wp\/v2\/comments?post=51099"}],"version-history":[{"count":3,"href":"https:\/\/blogdoedvaldomagalhaes.com.br\/index.php\/wp-json\/wp\/v2\/posts\/51099\/revisions"}],"predecessor-version":[{"id":51103,"href":"https:\/\/blogdoedvaldomagalhaes.com.br\/index.php\/wp-json\/wp\/v2\/posts\/51099\/revisions\/51103"}],"wp:featuredmedia":[{"embeddable":true,"href":"https:\/\/blogdoedvaldomagalhaes.com.br\/index.php\/wp-json\/wp\/v2\/media\/51100"}],"wp:attachment":[{"href":"https:\/\/blogdoedvaldomagalhaes.com.br\/index.php\/wp-json\/wp\/v2\/media?parent=51099"}],"wp:term":[{"taxonomy":"category","embeddable":true,"href":"https:\/\/blogdoedvaldomagalhaes.com.br\/index.php\/wp-json\/wp\/v2\/categories?post=51099"},{"taxonomy":"post_tag","embeddable":true,"href":"https:\/\/blogdoedvaldomagalhaes.com.br\/index.php\/wp-json\/wp\/v2\/tags?post=51099"}],"curies":[{"name":"wp","href":"https:\/\/api.w.org\/{rel}","templated":true}]}}